{"id":71094,"date":"2026-08-30T18:36:52","date_gmt":"2026-08-30T21:36:52","guid":{"rendered":"http:\/\/masquenoticiastucuman.com.ar\/?p=71094"},"modified":"2026-08-30T18:36:52","modified_gmt":"2026-08-30T21:36:52","slug":"la-mora-volvio-a-subir-en-julio-segun-datos-privados-las-familias-ya-refinanciaron-26-billones","status":"publish","type":"post","link":"https:\/\/masquenoticiastucuman.com.ar\/?p=71094","title":{"rendered":"La mora volvi\u00f3 a subir en julio seg\u00fan datos privados: las familias ya refinanciaron $2,6 billones"},"content":{"rendered":"<ul>\n<li>El atraso en el pago de cr\u00e9ditos a los hogares roz\u00f3 el 13% en los bancos y super\u00f3 el 33% en las entidades no financieras. <\/li>\n<li>Con las deudas que ya no se lic\u00faan por la inflaci\u00f3n, se activ\u00f3 una ola de reestructuraciones r\u00e9cord para intentar contener los impagos.<\/li>\n<\/ul>\n<p>\u200bEl atraso en el pago de cr\u00e9ditos a los hogares roz\u00f3 el 13% en los bancos y super\u00f3 el 33% en las entidades no financieras. Con las deudas que ya no se lic\u00faan por la inflaci\u00f3n, se activ\u00f3 una ola de reestructuraciones r\u00e9cord para intentar contener los impagos.\u00a0<a href=\"https:\/\/www.clarin.com\/economia\/mora-volvio-subir-julio-datos-privados-familias-refinanciaron-26-billones_0_0xmVDu5Bpr.html\" target=\"_blank\" class=\"feedzy-rss-link-icon\">Read More<\/a><\/p>","protected":false},"excerpt":{"rendered":"<p>El atraso en el pago de cr\u00e9ditos a los hogares roz\u00f3 el 13% en los&#8230;<\/p>\n","protected":false},"author":1,"featured_media":0,"comment_status":"open","ping_status":"open","sticky":false,"template":"","format":"standard","meta":{"footnotes":"","_members_access_role":[],"_members_access_error":""},"categories":[3],"tags":[],"class_list":["post-71094","post","type-post","status-publish","format-standard","has-post-thumbnail","hentry","category-nacionales"],"_links":{"self":[{"href":"https:\/\/masquenoticiastucuman.com.ar\/index.php?rest_route=\/wp\/v2\/posts\/71094","targetHints":{"allow":["GET"]}}],"collection":[{"href":"https:\/\/masquenoticiastucuman.com.ar\/index.php?rest_route=\/wp\/v2\/posts"}],"about":[{"href":"https:\/\/masquenoticiastucuman.com.ar\/index.php?rest_route=\/wp\/v2\/types\/post"}],"author":[{"embeddable":true,"href":"https:\/\/masquenoticiastucuman.com.ar\/index.php?rest_route=\/wp\/v2\/users\/1"}],"replies":[{"embeddable":true,"href":"https:\/\/masquenoticiastucuman.com.ar\/index.php?rest_route=%2Fwp%2Fv2%2Fcomments&post=71094"}],"version-history":[{"count":0,"href":"https:\/\/masquenoticiastucuman.com.ar\/index.php?rest_route=\/wp\/v2\/posts\/71094\/revisions"}],"wp:attachment":[{"href":"https:\/\/masquenoticiastucuman.com.ar\/index.php?rest_route=%2Fwp%2Fv2%2Fmedia&parent=71094"}],"wp:term":[{"taxonomy":"category","embeddable":true,"href":"https:\/\/masquenoticiastucuman.com.ar\/index.php?rest_route=%2Fwp%2Fv2%2Fcategories&post=71094"},{"taxonomy":"post_tag","embeddable":true,"href":"https:\/\/masquenoticiastucuman.com.ar\/index.php?rest_route=%2Fwp%2Fv2%2Ftags&post=71094"}],"curies":[{"name":"wp","href":"https:\/\/api.w.org\/{rel}","templated":true}]}}