{"id":71096,"date":"2026-08-30T17:29:24","date_gmt":"2026-08-30T20:29:24","guid":{"rendered":"http:\/\/masquenoticiastucuman.com.ar\/?p=71096"},"modified":"2026-08-30T17:29:24","modified_gmt":"2026-08-30T20:29:24","slug":"flavio-bolsonaro-busca-replicar-el-modelo-de-el-salvador-y-prometio-500-mil-nuevas-plazas-en-las-carceles-hay-pocos-presos-en-brasil","status":"publish","type":"post","link":"https:\/\/masquenoticiastucuman.com.ar\/?p=71096","title":{"rendered":"Flavio Bolsonaro busca replicar el modelo de El Salvador y prometi\u00f3 500 mil nuevas plazas en las c\u00e1rceles: &#8220;Hay pocos presos en Brasil&#8221;"},"content":{"rendered":"<ul>\n<li>El candidato a presidente de Brasil anunci\u00f3 que pretende construir c\u00e1rceles de m\u00e1xima seguridad en caso de llegar al poder.<\/li>\n<li>Sus palabras se dieron despu\u00e9s de reunirse con el ministro de Seguridad de El Salvador, Gustavo Villatoro, en San Pablo.<\/li>\n<\/ul>\n<p>\u200bEl candidato a presidente de Brasil anunci\u00f3 que pretende construir c\u00e1rceles de m\u00e1xima seguridad en caso de llegar al poder.Sus palabras se dieron despu\u00e9s de reunirse con el ministro de Seguridad de El Salvador, Gustavo Villatoro, en San Pablo.\u00a0<a href=\"https:\/\/www.clarin.com\/mundo\/flavio-bolsonaro-busca-replicar-modelo-salvador-prometio-500-mil-nuevas-plazas-carceles-pocos-presos-brasil_0_r0p5Wx2tKR.html\" target=\"_blank\" class=\"feedzy-rss-link-icon\">Read More<\/a><\/p>","protected":false},"excerpt":{"rendered":"<p>El candidato a presidente de Brasil anunci\u00f3 que pretende construir c\u00e1rceles de m\u00e1xima seguridad en&#8230;<\/p>\n","protected":false},"author":1,"featured_media":71097,"comment_status":"open","ping_status":"open","sticky":false,"template":"","format":"standard","meta":{"footnotes":"","_members_access_role":[],"_members_access_error":""},"categories":[4],"tags":[],"class_list":["post-71096","post","type-post","status-publish","format-standard","has-post-thumbnail","hentry","category-internacionales"],"_links":{"self":[{"href":"https:\/\/masquenoticiastucuman.com.ar\/index.php?rest_route=\/wp\/v2\/posts\/71096","targetHints":{"allow":["GET"]}}],"collection":[{"href":"https:\/\/masquenoticiastucuman.com.ar\/index.php?rest_route=\/wp\/v2\/posts"}],"about":[{"href":"https:\/\/masquenoticiastucuman.com.ar\/index.php?rest_route=\/wp\/v2\/types\/post"}],"author":[{"embeddable":true,"href":"https:\/\/masquenoticiastucuman.com.ar\/index.php?rest_route=\/wp\/v2\/users\/1"}],"replies":[{"embeddable":true,"href":"https:\/\/masquenoticiastucuman.com.ar\/index.php?rest_route=%2Fwp%2Fv2%2Fcomments&post=71096"}],"version-history":[{"count":0,"href":"https:\/\/masquenoticiastucuman.com.ar\/index.php?rest_route=\/wp\/v2\/posts\/71096\/revisions"}],"wp:featuredmedia":[{"embeddable":true,"href":"https:\/\/masquenoticiastucuman.com.ar\/index.php?rest_route=\/wp\/v2\/media\/71097"}],"wp:attachment":[{"href":"https:\/\/masquenoticiastucuman.com.ar\/index.php?rest_route=%2Fwp%2Fv2%2Fmedia&parent=71096"}],"wp:term":[{"taxonomy":"category","embeddable":true,"href":"https:\/\/masquenoticiastucuman.com.ar\/index.php?rest_route=%2Fwp%2Fv2%2Fcategories&post=71096"},{"taxonomy":"post_tag","embeddable":true,"href":"https:\/\/masquenoticiastucuman.com.ar\/index.php?rest_route=%2Fwp%2Fv2%2Ftags&post=71096"}],"curies":[{"name":"wp","href":"https:\/\/api.w.org\/{rel}","templated":true}]}}