{"id":71098,"date":"2026-08-30T17:24:25","date_gmt":"2026-08-30T20:24:25","guid":{"rendered":"http:\/\/masquenoticiastucuman.com.ar\/?p=71098"},"modified":"2026-08-30T17:24:25","modified_gmt":"2026-08-30T20:24:25","slug":"estados-unidos-ataco-lanzacohetes-iranies-en-el-estrecho-de-ormuz-su-primera-accion-militar-en-semanas","status":"publish","type":"post","link":"https:\/\/masquenoticiastucuman.com.ar\/?p=71098","title":{"rendered":"Estados Unidos atac\u00f3 lanzacohetes iran\u00edes en el estrecho de Ormuz, su primera acci\u00f3n militar en semanas"},"content":{"rendered":"<ul>\n<li>Medios semioficiales iran\u00edes reportaron explosiones cerca de la isla de Larak, en el estrecho.<\/li>\n<li>La Guardia Revolucionaria destac\u00f3 en un comunicado \u201cmartirio y lesiones a varios de nuestros combatientes y compatriotas\u201d.<\/li>\n<\/ul>\n<p>\u200bMedios semioficiales iran\u00edes reportaron explosiones cerca de la isla de Larak, en el estrecho.La Guardia Revolucionaria destac\u00f3 en un comunicado \u201cmartirio y lesiones a varios de nuestros combatientes y compatriotas\u201d.\u00a0<a href=\"https:\/\/www.clarin.com\/mundo\/estados-unidos-ataco-lanzacohetes-iranies-estrecho-ormuz-primera-accion-militar-semanas_0_D4Ro6rMldy.html\" target=\"_blank\" class=\"feedzy-rss-link-icon\">Read More<\/a><\/p>","protected":false},"excerpt":{"rendered":"<p>Medios semioficiales iran\u00edes reportaron explosiones cerca de la isla de Larak, en el estrecho. La&#8230;<\/p>\n","protected":false},"author":1,"featured_media":71099,"comment_status":"open","ping_status":"open","sticky":false,"template":"","format":"standard","meta":{"footnotes":"","_members_access_role":[],"_members_access_error":""},"categories":[4],"tags":[],"class_list":["post-71098","post","type-post","status-publish","format-standard","has-post-thumbnail","hentry","category-internacionales"],"_links":{"self":[{"href":"https:\/\/masquenoticiastucuman.com.ar\/index.php?rest_route=\/wp\/v2\/posts\/71098","targetHints":{"allow":["GET"]}}],"collection":[{"href":"https:\/\/masquenoticiastucuman.com.ar\/index.php?rest_route=\/wp\/v2\/posts"}],"about":[{"href":"https:\/\/masquenoticiastucuman.com.ar\/index.php?rest_route=\/wp\/v2\/types\/post"}],"author":[{"embeddable":true,"href":"https:\/\/masquenoticiastucuman.com.ar\/index.php?rest_route=\/wp\/v2\/users\/1"}],"replies":[{"embeddable":true,"href":"https:\/\/masquenoticiastucuman.com.ar\/index.php?rest_route=%2Fwp%2Fv2%2Fcomments&post=71098"}],"version-history":[{"count":0,"href":"https:\/\/masquenoticiastucuman.com.ar\/index.php?rest_route=\/wp\/v2\/posts\/71098\/revisions"}],"wp:featuredmedia":[{"embeddable":true,"href":"https:\/\/masquenoticiastucuman.com.ar\/index.php?rest_route=\/wp\/v2\/media\/71099"}],"wp:attachment":[{"href":"https:\/\/masquenoticiastucuman.com.ar\/index.php?rest_route=%2Fwp%2Fv2%2Fmedia&parent=71098"}],"wp:term":[{"taxonomy":"category","embeddable":true,"href":"https:\/\/masquenoticiastucuman.com.ar\/index.php?rest_route=%2Fwp%2Fv2%2Fcategories&post=71098"},{"taxonomy":"post_tag","embeddable":true,"href":"https:\/\/masquenoticiastucuman.com.ar\/index.php?rest_route=%2Fwp%2Fv2%2Ftags&post=71098"}],"curies":[{"name":"wp","href":"https:\/\/api.w.org\/{rel}","templated":true}]}}