{"id":71100,"date":"2026-08-30T18:33:30","date_gmt":"2026-08-30T21:33:30","guid":{"rendered":"http:\/\/masquenoticiastucuman.com.ar\/?p=71100"},"modified":"2026-08-30T18:33:30","modified_gmt":"2026-08-30T21:33:30","slug":"lo-que-viene-la-serie-mexicana-mal-de-amores-encabeza-los-estrenos-de-la-semana-en-el-streaming","status":"publish","type":"post","link":"https:\/\/masquenoticiastucuman.com.ar\/?p=71100","title":{"rendered":"Lo que viene: la serie mexicana Mal de Amores encabeza los estrenos de la semana en el streaming"},"content":{"rendered":"<ul>\n<li>El mi\u00e9rcoles llega a Netflix esta ficci\u00f3n de \u00e9poca: entre romances, deseos y conflictos pol\u00edticos, la protagonista lucha por construir una vida propia, en el contexto de la Revoluci\u00f3n mexicana. <\/li>\n<li>La producci\u00f3n, que est\u00e1 basada en la novela hom\u00f3nima de \u00c1ngeles Mastretta, fue dirigida por su hija, Catalina Aguilar Mastretta. <\/li>\n<li>Tambi\u00e9n se destaca <strong>el documental de Fito P\u00e1ez<\/strong> en modo largometraje. <\/li>\n<li>Y todo lo que se suma a las plataformas entre el lunes 31 de agosto y el domingo 5 de septiembre.<\/li>\n<\/ul>\n<p>\u200bEl mi\u00e9rcoles llega a Netflix esta ficci\u00f3n de \u00e9poca: entre romances, deseos y conflictos pol\u00edticos, la protagonista lucha por construir una vida propia, en el contexto de la Revoluci\u00f3n mexicana. La producci\u00f3n, que est\u00e1 basada en la novela hom\u00f3nima de \u00c1ngeles Mastretta, fue dirigida por su hija, Catalina Aguilar Mastretta. Tambi\u00e9n se destaca el documental de Fito P\u00e1ez en modo largometraje. Y todo lo que se suma a las plataformas entre el lunes 31 de agosto y el domingo 5 de septiembre.\u00a0<a href=\"https:\/\/www.clarin.com\/espectaculos\/viene-serie-mexicana-mal-amores-encabeza-estrenos-semana-streaming_0_iArNyTTq7s.html\" target=\"_blank\" class=\"feedzy-rss-link-icon\">Read More<\/a><\/p>","protected":false},"excerpt":{"rendered":"<p>El mi\u00e9rcoles llega a Netflix esta ficci\u00f3n de \u00e9poca: entre romances, deseos y conflictos pol\u00edticos,&#8230;<\/p>\n","protected":false},"author":1,"featured_media":0,"comment_status":"open","ping_status":"open","sticky":false,"template":"","format":"standard","meta":{"footnotes":"","_members_access_role":[],"_members_access_error":""},"categories":[5],"tags":[],"class_list":["post-71100","post","type-post","status-publish","format-standard","has-post-thumbnail","hentry","category-espectaculo"],"_links":{"self":[{"href":"https:\/\/masquenoticiastucuman.com.ar\/index.php?rest_route=\/wp\/v2\/posts\/71100","targetHints":{"allow":["GET"]}}],"collection":[{"href":"https:\/\/masquenoticiastucuman.com.ar\/index.php?rest_route=\/wp\/v2\/posts"}],"about":[{"href":"https:\/\/masquenoticiastucuman.com.ar\/index.php?rest_route=\/wp\/v2\/types\/post"}],"author":[{"embeddable":true,"href":"https:\/\/masquenoticiastucuman.com.ar\/index.php?rest_route=\/wp\/v2\/users\/1"}],"replies":[{"embeddable":true,"href":"https:\/\/masquenoticiastucuman.com.ar\/index.php?rest_route=%2Fwp%2Fv2%2Fcomments&post=71100"}],"version-history":[{"count":0,"href":"https:\/\/masquenoticiastucuman.com.ar\/index.php?rest_route=\/wp\/v2\/posts\/71100\/revisions"}],"wp:attachment":[{"href":"https:\/\/masquenoticiastucuman.com.ar\/index.php?rest_route=%2Fwp%2Fv2%2Fmedia&parent=71100"}],"wp:term":[{"taxonomy":"category","embeddable":true,"href":"https:\/\/masquenoticiastucuman.com.ar\/index.php?rest_route=%2Fwp%2Fv2%2Fcategories&post=71100"},{"taxonomy":"post_tag","embeddable":true,"href":"https:\/\/masquenoticiastucuman.com.ar\/index.php?rest_route=%2Fwp%2Fv2%2Ftags&post=71100"}],"curies":[{"name":"wp","href":"https:\/\/api.w.org\/{rel}","templated":true}]}}