{"id":71103,"date":"2026-08-30T20:42:55","date_gmt":"2026-08-30T23:42:55","guid":{"rendered":"http:\/\/masquenoticiastucuman.com.ar\/?p=71103"},"modified":"2026-08-30T20:42:55","modified_gmt":"2026-08-30T23:42:55","slug":"las-cinco-medidas-que-tomo-el-gobierno-para-que-repunte-la-actividad-sin-subir-el-gasto-y-de-cara-a-2027","status":"publish","type":"post","link":"https:\/\/masquenoticiastucuman.com.ar\/?p=71103","title":{"rendered":"Las cinco medidas que tom\u00f3 el Gobierno para que repunte la actividad sin subir el gasto y de cara a 2027"},"content":{"rendered":"<ul>\n<li>La estrategia combina expansi\u00f3n del cr\u00e9dito y mejoras en los salarios m\u00e1s bajos.<\/li>\n<li>Busca movilizar recursos del sistema financiero hacia la inversi\u00f3n y el consumo.<\/li>\n<\/ul>\n<p>\u200bLa estrategia combina expansi\u00f3n del cr\u00e9dito y mejoras en los salarios m\u00e1s bajos.Busca movilizar recursos del sistema financiero hacia la inversi\u00f3n y el consumo.\u00a0<a href=\"https:\/\/www.clarin.com\/economia\/medidas-tomo-gobierno-repunte-actividad-subir-gasto-cara-2027_0_tS85ivYnmd.html\" target=\"_blank\" class=\"feedzy-rss-link-icon\">Read More<\/a><\/p>","protected":false},"excerpt":{"rendered":"<p>La estrategia combina expansi\u00f3n del cr\u00e9dito y mejoras en los salarios m\u00e1s bajos. Busca movilizar&#8230;<\/p>\n","protected":false},"author":1,"featured_media":0,"comment_status":"open","ping_status":"open","sticky":false,"template":"","format":"standard","meta":{"footnotes":"","_members_access_role":[],"_members_access_error":""},"categories":[3],"tags":[],"class_list":["post-71103","post","type-post","status-publish","format-standard","has-post-thumbnail","hentry","category-nacionales"],"_links":{"self":[{"href":"https:\/\/masquenoticiastucuman.com.ar\/index.php?rest_route=\/wp\/v2\/posts\/71103","targetHints":{"allow":["GET"]}}],"collection":[{"href":"https:\/\/masquenoticiastucuman.com.ar\/index.php?rest_route=\/wp\/v2\/posts"}],"about":[{"href":"https:\/\/masquenoticiastucuman.com.ar\/index.php?rest_route=\/wp\/v2\/types\/post"}],"author":[{"embeddable":true,"href":"https:\/\/masquenoticiastucuman.com.ar\/index.php?rest_route=\/wp\/v2\/users\/1"}],"replies":[{"embeddable":true,"href":"https:\/\/masquenoticiastucuman.com.ar\/index.php?rest_route=%2Fwp%2Fv2%2Fcomments&post=71103"}],"version-history":[{"count":0,"href":"https:\/\/masquenoticiastucuman.com.ar\/index.php?rest_route=\/wp\/v2\/posts\/71103\/revisions"}],"wp:attachment":[{"href":"https:\/\/masquenoticiastucuman.com.ar\/index.php?rest_route=%2Fwp%2Fv2%2Fmedia&parent=71103"}],"wp:term":[{"taxonomy":"category","embeddable":true,"href":"https:\/\/masquenoticiastucuman.com.ar\/index.php?rest_route=%2Fwp%2Fv2%2Fcategories&post=71103"},{"taxonomy":"post_tag","embeddable":true,"href":"https:\/\/masquenoticiastucuman.com.ar\/index.php?rest_route=%2Fwp%2Fv2%2Ftags&post=71103"}],"curies":[{"name":"wp","href":"https:\/\/api.w.org\/{rel}","templated":true}]}}