{"id":71107,"date":"2026-08-30T19:05:20","date_gmt":"2026-08-30T22:05:20","guid":{"rendered":"http:\/\/masquenoticiastucuman.com.ar\/?p=71107"},"modified":"2026-08-30T19:05:20","modified_gmt":"2026-08-30T22:05:20","slug":"bomba-en-el-futbol-sudamericano-en-ecuador-afirman-que-gallardo-reemplazara-a-beccacece-en-la-seleccion-tricolor","status":"publish","type":"post","link":"https:\/\/masquenoticiastucuman.com.ar\/?p=71107","title":{"rendered":"Bomba en el f\u00fatbol Sudamericano: en Ecuador afirman que Gallardo reemplazar\u00e1 a Beccacece en la Selecci\u00f3n Tricolor"},"content":{"rendered":"<ul>\n<li>En el pa\u00eds de la regi\u00f3n noroccidental de Am\u00e9rica del Sur aseguran que el ex River est\u00e1 a una firma de agarrar el conjunto nacional.<\/li>\n<li>El Universo lo present\u00f3 como &#8220;Mu\u00f1eco bendito&#8221; y el resto de la prensa local valor\u00f3 positivamente su inminente llegada.<\/li>\n<\/ul>\n<p>\u200bEn el pa\u00eds de la regi\u00f3n noroccidental de Am\u00e9rica del Sur aseguran que el ex River est\u00e1 a una firma de agarrar el conjunto nacional.El Universo lo present\u00f3 como &#8220;Mu\u00f1eco bendito&#8221; y el resto de la prensa local valor\u00f3 positivamente su inminente llegada.\u00a0<a href=\"https:\/\/www.clarin.com\/deportes\/bomba-futbol-sudamericano-ecuador-afirman-gallardo-reemplazara-becaccese-seleccion-tricolor_0_njwPHJLj7e.html\" target=\"_blank\" class=\"feedzy-rss-link-icon\">Read More<\/a><\/p>","protected":false},"excerpt":{"rendered":"<p>En el pa\u00eds de la regi\u00f3n noroccidental de Am\u00e9rica del Sur aseguran que el ex&#8230;<\/p>\n","protected":false},"author":1,"featured_media":0,"comment_status":"open","ping_status":"open","sticky":false,"template":"","format":"standard","meta":{"footnotes":"","_members_access_role":[],"_members_access_error":""},"categories":[6],"tags":[],"class_list":["post-71107","post","type-post","status-publish","format-standard","has-post-thumbnail","hentry","category-deportes"],"_links":{"self":[{"href":"https:\/\/masquenoticiastucuman.com.ar\/index.php?rest_route=\/wp\/v2\/posts\/71107","targetHints":{"allow":["GET"]}}],"collection":[{"href":"https:\/\/masquenoticiastucuman.com.ar\/index.php?rest_route=\/wp\/v2\/posts"}],"about":[{"href":"https:\/\/masquenoticiastucuman.com.ar\/index.php?rest_route=\/wp\/v2\/types\/post"}],"author":[{"embeddable":true,"href":"https:\/\/masquenoticiastucuman.com.ar\/index.php?rest_route=\/wp\/v2\/users\/1"}],"replies":[{"embeddable":true,"href":"https:\/\/masquenoticiastucuman.com.ar\/index.php?rest_route=%2Fwp%2Fv2%2Fcomments&post=71107"}],"version-history":[{"count":0,"href":"https:\/\/masquenoticiastucuman.com.ar\/index.php?rest_route=\/wp\/v2\/posts\/71107\/revisions"}],"wp:attachment":[{"href":"https:\/\/masquenoticiastucuman.com.ar\/index.php?rest_route=%2Fwp%2Fv2%2Fmedia&parent=71107"}],"wp:term":[{"taxonomy":"category","embeddable":true,"href":"https:\/\/masquenoticiastucuman.com.ar\/index.php?rest_route=%2Fwp%2Fv2%2Fcategories&post=71107"},{"taxonomy":"post_tag","embeddable":true,"href":"https:\/\/masquenoticiastucuman.com.ar\/index.php?rest_route=%2Fwp%2Fv2%2Ftags&post=71107"}],"curies":[{"name":"wp","href":"https:\/\/api.w.org\/{rel}","templated":true}]}}