{"id":71108,"date":"2026-08-30T21:54:14","date_gmt":"2026-08-31T00:54:14","guid":{"rendered":"http:\/\/masquenoticiastucuman.com.ar\/?p=71108"},"modified":"2026-08-30T21:54:14","modified_gmt":"2026-08-31T00:54:14","slug":"barracas-central-campeon-de-la-copa-de-oro-de-futsal-el-dramatico-gol-agonico-y-la-victoria-por-penales-contra-america-del-sud","status":"publish","type":"post","link":"https:\/\/masquenoticiastucuman.com.ar\/?p=71108","title":{"rendered":"Barracas Central, campe\u00f3n de la Copa de Oro de futsal: el dram\u00e1tico gol ag\u00f3nico y la victoria por penales contra Am\u00e9rica del Sud"},"content":{"rendered":"<ul>\n<li>El Guapo se qued\u00f3 por tercera vez este torneo, para convertirse en el m\u00e1ximo ganador.<\/li>\n<li>Mir\u00e1 el resumen.<\/li>\n<\/ul>\n<p>\u200bEl Guapo se qued\u00f3 por tercera vez este torneo, para convertirse en el m\u00e1ximo ganador.Mir\u00e1 el resumen.\u00a0<a href=\"https:\/\/www.clarin.com\/deportes\/barracas-central-campeon-copa-oro-futsal-dramatico-gol-agonico-victoria-penales-america-sud_0_EJWwNnvvLY.html\" target=\"_blank\" class=\"feedzy-rss-link-icon\">Read More<\/a><\/p>","protected":false},"excerpt":{"rendered":"<p>El Guapo se qued\u00f3 por tercera vez este torneo, para convertirse en el m\u00e1ximo ganador&#8230;.<\/p>\n","protected":false},"author":1,"featured_media":0,"comment_status":"open","ping_status":"open","sticky":false,"template":"","format":"standard","meta":{"footnotes":"","_members_access_role":[],"_members_access_error":""},"categories":[6],"tags":[],"class_list":["post-71108","post","type-post","status-publish","format-standard","has-post-thumbnail","hentry","category-deportes"],"_links":{"self":[{"href":"https:\/\/masquenoticiastucuman.com.ar\/index.php?rest_route=\/wp\/v2\/posts\/71108","targetHints":{"allow":["GET"]}}],"collection":[{"href":"https:\/\/masquenoticiastucuman.com.ar\/index.php?rest_route=\/wp\/v2\/posts"}],"about":[{"href":"https:\/\/masquenoticiastucuman.com.ar\/index.php?rest_route=\/wp\/v2\/types\/post"}],"author":[{"embeddable":true,"href":"https:\/\/masquenoticiastucuman.com.ar\/index.php?rest_route=\/wp\/v2\/users\/1"}],"replies":[{"embeddable":true,"href":"https:\/\/masquenoticiastucuman.com.ar\/index.php?rest_route=%2Fwp%2Fv2%2Fcomments&post=71108"}],"version-history":[{"count":0,"href":"https:\/\/masquenoticiastucuman.com.ar\/index.php?rest_route=\/wp\/v2\/posts\/71108\/revisions"}],"wp:attachment":[{"href":"https:\/\/masquenoticiastucuman.com.ar\/index.php?rest_route=%2Fwp%2Fv2%2Fmedia&parent=71108"}],"wp:term":[{"taxonomy":"category","embeddable":true,"href":"https:\/\/masquenoticiastucuman.com.ar\/index.php?rest_route=%2Fwp%2Fv2%2Fcategories&post=71108"},{"taxonomy":"post_tag","embeddable":true,"href":"https:\/\/masquenoticiastucuman.com.ar\/index.php?rest_route=%2Fwp%2Fv2%2Ftags&post=71108"}],"curies":[{"name":"wp","href":"https:\/\/api.w.org\/{rel}","templated":true}]}}