{"id":71109,"date":"2026-08-31T03:02:26","date_gmt":"2026-08-31T06:02:26","guid":{"rendered":"http:\/\/masquenoticiastucuman.com.ar\/?p=71109"},"modified":"2026-08-31T03:02:26","modified_gmt":"2026-08-31T06:02:26","slug":"jubilados-y-pensionados-el-gobierno-confirmo-un-bono-de-hasta-70-000-para-septiembre","status":"publish","type":"post","link":"https:\/\/masquenoticiastucuman.com.ar\/?p=71109","title":{"rendered":"Jubilados y pensionados: el Gobierno confirm\u00f3 un bono de hasta $70.000 para septiembre"},"content":{"rendered":"<ul>\n<li>La decisi\u00f3n fue oficializada mediante el Decreto 824\/2026, publicado en el Bolet\u00edn de este lunes. <\/li>\n<li>El beneficio se abonar\u00e1 junto con el aumento del 2,1% previsto para septiembre y estar\u00e1 destinado a quienes perciben haberes previsionales m\u00e1s bajos.<\/li>\n<\/ul>\n<p>\u200bLa decisi\u00f3n fue oficializada mediante el Decreto 824\/2026, publicado en el Bolet\u00edn de este lunes. El beneficio se abonar\u00e1 junto con el aumento del 2,1% previsto para septiembre y estar\u00e1 destinado a quienes perciben haberes previsionales m\u00e1s bajos.\u00a0<a href=\"https:\/\/www.clarin.com\/economia\/jubilados-pensionados-gobierno-confirmo-bono-70000-septiembre_0_LIuZAWmuc1.html\" target=\"_blank\" class=\"feedzy-rss-link-icon\">Read More<\/a><\/p>","protected":false},"excerpt":{"rendered":"<p>La decisi\u00f3n fue oficializada mediante el Decreto 824\/2026, publicado en el Bolet\u00edn de este lunes&#8230;.<\/p>\n","protected":false},"author":1,"featured_media":0,"comment_status":"open","ping_status":"open","sticky":false,"template":"","format":"standard","meta":{"footnotes":"","_members_access_role":[],"_members_access_error":""},"categories":[3],"tags":[],"class_list":["post-71109","post","type-post","status-publish","format-standard","has-post-thumbnail","hentry","category-nacionales"],"_links":{"self":[{"href":"https:\/\/masquenoticiastucuman.com.ar\/index.php?rest_route=\/wp\/v2\/posts\/71109","targetHints":{"allow":["GET"]}}],"collection":[{"href":"https:\/\/masquenoticiastucuman.com.ar\/index.php?rest_route=\/wp\/v2\/posts"}],"about":[{"href":"https:\/\/masquenoticiastucuman.com.ar\/index.php?rest_route=\/wp\/v2\/types\/post"}],"author":[{"embeddable":true,"href":"https:\/\/masquenoticiastucuman.com.ar\/index.php?rest_route=\/wp\/v2\/users\/1"}],"replies":[{"embeddable":true,"href":"https:\/\/masquenoticiastucuman.com.ar\/index.php?rest_route=%2Fwp%2Fv2%2Fcomments&post=71109"}],"version-history":[{"count":0,"href":"https:\/\/masquenoticiastucuman.com.ar\/index.php?rest_route=\/wp\/v2\/posts\/71109\/revisions"}],"wp:attachment":[{"href":"https:\/\/masquenoticiastucuman.com.ar\/index.php?rest_route=%2Fwp%2Fv2%2Fmedia&parent=71109"}],"wp:term":[{"taxonomy":"category","embeddable":true,"href":"https:\/\/masquenoticiastucuman.com.ar\/index.php?rest_route=%2Fwp%2Fv2%2Fcategories&post=71109"},{"taxonomy":"post_tag","embeddable":true,"href":"https:\/\/masquenoticiastucuman.com.ar\/index.php?rest_route=%2Fwp%2Fv2%2Ftags&post=71109"}],"curies":[{"name":"wp","href":"https:\/\/api.w.org\/{rel}","templated":true}]}}