{"id":71110,"date":"2026-08-31T05:01:02","date_gmt":"2026-08-31T08:01:02","guid":{"rendered":"http:\/\/masquenoticiastucuman.com.ar\/?p=71110"},"modified":"2026-08-31T05:01:02","modified_gmt":"2026-08-31T08:01:02","slug":"leo-ponzio-su-debut-en-river-y-esas-48-horas-que-lo-sacaron-de-la-zona-de-confort-te-preguntas-yo-que-soy-pero-esto-es-river-es-un-pais-entero-y-hay-que-saberlo-llevar","status":"publish","type":"post","link":"https:\/\/masquenoticiastucuman.com.ar\/?p=71110","title":{"rendered":"Leo Ponzio, su debut en River y esas 48 horas que lo sacaron de la zona de confort: &#8220;Te preguntas, &#8216;\u00bfyo qu\u00e9 soy?&#8217;, pero esto es River, es un pa\u00eds entero y hay que saberlo llevar&#8221;"},"content":{"rendered":"<ul>\n<li>El hist\u00f3rico exmedicampista millonario reemplaz\u00f3 a Coudet y tuvo su debut triunfal ante Banfield.<\/li>\n<li>Si bien dej\u00f3 en claro que &#8220;es un interinado&#8221;, si consigue buenos resultados podr\u00edan cambiar la historia.<\/li>\n<\/ul>\n<p>\u200bEl hist\u00f3rico exmedicampista millonario reemplaz\u00f3 a Coudet y tuvo su debut triunfal ante Banfield.Si bien dej\u00f3 en claro que &#8220;es un interinado&#8221;, si consigue buenos resultados podr\u00edan cambiar la historia.\u00a0<a href=\"https:\/\/www.clarin.com\/deportes\/leo-ponzio-debut-river-48-horas-sacaron-zona-confort-preguntas-river-pais-entero-saberlo-llevar_0_KLW8CCdV4X.html\" target=\"_blank\" class=\"feedzy-rss-link-icon\">Read More<\/a><\/p>","protected":false},"excerpt":{"rendered":"<p>El hist\u00f3rico exmedicampista millonario reemplaz\u00f3 a Coudet y tuvo su debut triunfal ante Banfield. Si&#8230;<\/p>\n","protected":false},"author":1,"featured_media":0,"comment_status":"open","ping_status":"open","sticky":false,"template":"","format":"standard","meta":{"footnotes":"","_members_access_role":[],"_members_access_error":""},"categories":[6],"tags":[],"class_list":["post-71110","post","type-post","status-publish","format-standard","has-post-thumbnail","hentry","category-deportes"],"_links":{"self":[{"href":"https:\/\/masquenoticiastucuman.com.ar\/index.php?rest_route=\/wp\/v2\/posts\/71110","targetHints":{"allow":["GET"]}}],"collection":[{"href":"https:\/\/masquenoticiastucuman.com.ar\/index.php?rest_route=\/wp\/v2\/posts"}],"about":[{"href":"https:\/\/masquenoticiastucuman.com.ar\/index.php?rest_route=\/wp\/v2\/types\/post"}],"author":[{"embeddable":true,"href":"https:\/\/masquenoticiastucuman.com.ar\/index.php?rest_route=\/wp\/v2\/users\/1"}],"replies":[{"embeddable":true,"href":"https:\/\/masquenoticiastucuman.com.ar\/index.php?rest_route=%2Fwp%2Fv2%2Fcomments&post=71110"}],"version-history":[{"count":0,"href":"https:\/\/masquenoticiastucuman.com.ar\/index.php?rest_route=\/wp\/v2\/posts\/71110\/revisions"}],"wp:attachment":[{"href":"https:\/\/masquenoticiastucuman.com.ar\/index.php?rest_route=%2Fwp%2Fv2%2Fmedia&parent=71110"}],"wp:term":[{"taxonomy":"category","embeddable":true,"href":"https:\/\/masquenoticiastucuman.com.ar\/index.php?rest_route=%2Fwp%2Fv2%2Fcategories&post=71110"},{"taxonomy":"post_tag","embeddable":true,"href":"https:\/\/masquenoticiastucuman.com.ar\/index.php?rest_route=%2Fwp%2Fv2%2Ftags&post=71110"}],"curies":[{"name":"wp","href":"https:\/\/api.w.org\/{rel}","templated":true}]}}