{"id":71112,"date":"2026-08-31T07:29:57","date_gmt":"2026-08-31T10:29:57","guid":{"rendered":"https:\/\/masquenoticiastucuman.com.ar\/?p=71112"},"modified":"2026-08-31T07:29:57","modified_gmt":"2026-08-31T10:29:57","slug":"investigan-un-presunto-femicidio-seguido-de-suicidio","status":"publish","type":"post","link":"https:\/\/masquenoticiastucuman.com.ar\/?p=71112","title":{"rendered":"Investigan un presunto femicidio seguido de suicidio"},"content":{"rendered":"\n<p class=\"wp-block-paragraph\">Una pareja fue encontrada sin vida en una zona de monte de la localidad de 7 de Abril, departamento Burruyac\u00fa.<\/p>\n\n\n\n<p class=\"wp-block-paragraph\">Ambos presentaban heridas de arma de fuego. El Ministerio Fiscal busca determinar c\u00f3mo ocurri\u00f3 el hecho.<\/p>\n\n\n\n<p class=\"wp-block-paragraph\">Una pareja fue encontrada sin vida este domingo en una zona de monte cercana a una vivienda de la localidad de 7 de Abril, departamento Burruyac\u00fa.&nbsp;<\/p>\n\n\n\n<p class=\"wp-block-paragraph\">El Ministerio Fiscal investiga el caso como un presunto femicidio seguido de suicidio.<br>La investigaci\u00f3n est\u00e1 a cargo de la Unidad Fiscal de Homicidios II, dirigida por el fiscal Carlos Sale.<br>Seg\u00fan fuentes del Ministerio Fiscal, la v\u00edctima fue identificada como Yolanda Beatriz Amaya, de 53 a\u00f1os, mientras que el hombre fue identificado como Ren\u00e9 Sierra, de 56 a\u00f1os.<br>La situaci\u00f3n fue descubierta por la nuera de la pareja, quien vive en una vivienda lindera.&nbsp;<\/p>\n\n\n\n<p class=\"wp-block-paragraph\">Al advertir la ausencia de ambos, comenz\u00f3 a buscarlos y posteriormente encontr\u00f3 los cuerpos en una zona de monte ubicada en las cercan\u00edas.<\/p>\n\n\n\n<p class=\"wp-block-paragraph\">De acuerdo con las primeras actuaciones, ambos presentaban heridas compatibles con disparos de arma de fuego. La principal hip\u00f3tesis apunta a que Sierra habr\u00eda atacado a Amaya y luego se habr\u00eda quitado la vida, aunque esta circunstancia deber\u00e1 ser confirmada por las pericias.<\/p>\n\n\n\n<p class=\"wp-block-paragraph\">En el lugar trabajaron especialistas del Equipo Cient\u00edfico de Investigaciones Fiscales (ECIF), quienes realizaron el levantamiento de muestras y distintos peritajes para determinar la mec\u00e1nica del hecho.<\/p>\n\n\n\n<p class=\"wp-block-paragraph\">Los cuerpos fueron trasladados para la realizaci\u00f3n de las autopsias correspondientes.&nbsp;<\/p>\n\n\n\n<p class=\"wp-block-paragraph\">Los resultados ser\u00e1n determinantes para establecer con precisi\u00f3n las causas y circunstancias de ambas muertes.<\/p>\n","protected":false},"excerpt":{"rendered":"<p>Una pareja fue encontrada sin vida en una zona de monte de la localidad de&#8230;<\/p>\n","protected":false},"author":2,"featured_media":71113,"comment_status":"open","ping_status":"open","sticky":false,"template":"","format":"standard","meta":{"footnotes":"","_members_access_role":[],"_members_access_error":""},"categories":[2],"tags":[],"class_list":["post-71112","post","type-post","status-publish","format-standard","has-post-thumbnail","hentry","category-locales"],"_links":{"self":[{"href":"https:\/\/masquenoticiastucuman.com.ar\/index.php?rest_route=\/wp\/v2\/posts\/71112","targetHints":{"allow":["GET"]}}],"collection":[{"href":"https:\/\/masquenoticiastucuman.com.ar\/index.php?rest_route=\/wp\/v2\/posts"}],"about":[{"href":"https:\/\/masquenoticiastucuman.com.ar\/index.php?rest_route=\/wp\/v2\/types\/post"}],"author":[{"embeddable":true,"href":"https:\/\/masquenoticiastucuman.com.ar\/index.php?rest_route=\/wp\/v2\/users\/2"}],"replies":[{"embeddable":true,"href":"https:\/\/masquenoticiastucuman.com.ar\/index.php?rest_route=%2Fwp%2Fv2%2Fcomments&post=71112"}],"version-history":[{"count":1,"href":"https:\/\/masquenoticiastucuman.com.ar\/index.php?rest_route=\/wp\/v2\/posts\/71112\/revisions"}],"predecessor-version":[{"id":71114,"href":"https:\/\/masquenoticiastucuman.com.ar\/index.php?rest_route=\/wp\/v2\/posts\/71112\/revisions\/71114"}],"wp:featuredmedia":[{"embeddable":true,"href":"https:\/\/masquenoticiastucuman.com.ar\/index.php?rest_route=\/wp\/v2\/media\/71113"}],"wp:attachment":[{"href":"https:\/\/masquenoticiastucuman.com.ar\/index.php?rest_route=%2Fwp%2Fv2%2Fmedia&parent=71112"}],"wp:term":[{"taxonomy":"category","embeddable":true,"href":"https:\/\/masquenoticiastucuman.com.ar\/index.php?rest_route=%2Fwp%2Fv2%2Fcategories&post=71112"},{"taxonomy":"post_tag","embeddable":true,"href":"https:\/\/masquenoticiastucuman.com.ar\/index.php?rest_route=%2Fwp%2Fv2%2Ftags&post=71112"}],"curies":[{"name":"wp","href":"https:\/\/api.w.org\/{rel}","templated":true}]}}