{"id":71116,"date":"2026-08-31T08:26:10","date_gmt":"2026-08-31T11:26:10","guid":{"rendered":"https:\/\/masquenoticiastucuman.com.ar\/?p=71116"},"modified":"2026-08-31T08:26:11","modified_gmt":"2026-08-31T11:26:11","slug":"capturaron-al-principal-sospechoso-de-la-muerte-de-un-policia-de-21-anos","status":"publish","type":"post","link":"https:\/\/masquenoticiastucuman.com.ar\/?p=71116","title":{"rendered":"Capturaron al principal sospechoso de la muerte de un polic\u00eda de 21 a\u00f1os"},"content":{"rendered":"\n<p class=\"wp-block-paragraph\">Los uniformados lograron localizar al sospechoso quien permanec\u00eda pr\u00f3fugo desde el violento episodio ocurrido este \u00faltimo s\u00e1bado.<\/p>\n\n\n\n<p class=\"wp-block-paragraph\">Tras arduas jornadas de trabajo, personal de la Direcci\u00f3n General de Investigaciones Criminales y Delitos Complejos atrap\u00f3 finalmente a quien ser\u00eda el responsable del crimen de un joven polic\u00eda.<\/p>\n\n\n\n<p class=\"wp-block-paragraph\">A trav\u00e9s de tareas de inteligencia, investigaci\u00f3n y seguimiento, los uniformados lograron localizar al sospechoso quien permanec\u00eda pr\u00f3fugo desde el violento episodio ocurrido este \u00faltimo s\u00e1bado por la madrugada en la esquina de avenida Col\u00f3n y calle Fortunata Garc\u00eda.<\/p>\n\n\n\n<p class=\"wp-block-paragraph\">La v\u00edctima hab\u00eda sufrido una herida de bala que acab\u00f3 con su vida y qued\u00f3 tendida en la calle mientras el delincuente abord\u00f3 la motocicleta en la que circulaba el muchacho y se dio a la fuga. Desde entonces la Polic\u00eda mont\u00f3 un operativo a lo largo y ancho de la ciudad capitalina a fines de dar con el responsable. El acusado, apodado \u201cCucu\u201d, fue aprehendido y actualmente ya se encuentra a disposici\u00f3n de la Justicia.<\/p>\n","protected":false},"excerpt":{"rendered":"<p>Los uniformados lograron localizar al sospechoso quien permanec\u00eda pr\u00f3fugo desde el violento episodio ocurrido este&#8230;<\/p>\n","protected":false},"author":2,"featured_media":71117,"comment_status":"open","ping_status":"open","sticky":false,"template":"","format":"standard","meta":{"footnotes":"","_members_access_role":[],"_members_access_error":""},"categories":[2],"tags":[],"class_list":["post-71116","post","type-post","status-publish","format-standard","has-post-thumbnail","hentry","category-locales"],"_links":{"self":[{"href":"https:\/\/masquenoticiastucuman.com.ar\/index.php?rest_route=\/wp\/v2\/posts\/71116","targetHints":{"allow":["GET"]}}],"collection":[{"href":"https:\/\/masquenoticiastucuman.com.ar\/index.php?rest_route=\/wp\/v2\/posts"}],"about":[{"href":"https:\/\/masquenoticiastucuman.com.ar\/index.php?rest_route=\/wp\/v2\/types\/post"}],"author":[{"embeddable":true,"href":"https:\/\/masquenoticiastucuman.com.ar\/index.php?rest_route=\/wp\/v2\/users\/2"}],"replies":[{"embeddable":true,"href":"https:\/\/masquenoticiastucuman.com.ar\/index.php?rest_route=%2Fwp%2Fv2%2Fcomments&post=71116"}],"version-history":[{"count":1,"href":"https:\/\/masquenoticiastucuman.com.ar\/index.php?rest_route=\/wp\/v2\/posts\/71116\/revisions"}],"predecessor-version":[{"id":71118,"href":"https:\/\/masquenoticiastucuman.com.ar\/index.php?rest_route=\/wp\/v2\/posts\/71116\/revisions\/71118"}],"wp:featuredmedia":[{"embeddable":true,"href":"https:\/\/masquenoticiastucuman.com.ar\/index.php?rest_route=\/wp\/v2\/media\/71117"}],"wp:attachment":[{"href":"https:\/\/masquenoticiastucuman.com.ar\/index.php?rest_route=%2Fwp%2Fv2%2Fmedia&parent=71116"}],"wp:term":[{"taxonomy":"category","embeddable":true,"href":"https:\/\/masquenoticiastucuman.com.ar\/index.php?rest_route=%2Fwp%2Fv2%2Fcategories&post=71116"},{"taxonomy":"post_tag","embeddable":true,"href":"https:\/\/masquenoticiastucuman.com.ar\/index.php?rest_route=%2Fwp%2Fv2%2Ftags&post=71116"}],"curies":[{"name":"wp","href":"https:\/\/api.w.org\/{rel}","templated":true}]}}