{"id":71123,"date":"2026-08-31T09:56:39","date_gmt":"2026-08-31T12:56:39","guid":{"rendered":"http:\/\/masquenoticiastucuman.com.ar\/?p=71123"},"modified":"2026-08-31T09:56:39","modified_gmt":"2026-08-31T12:56:39","slug":"iran-afirma-que-ataco-bases-de-estados-unidos-en-emiratos-y-jordania-tras-los-bombardeos-estadounidenses-a-la-isla-de-larak","status":"publish","type":"post","link":"https:\/\/masquenoticiastucuman.com.ar\/?p=71123","title":{"rendered":"Ir\u00e1n afirma que atac\u00f3 bases de Estados Unidos en Emiratos y Jordania tras los bombardeos estadounidenses a la isla de Larak"},"content":{"rendered":"<ul>\n<li>Teher\u00e1n dijo que lanz\u00f3 decenas de drones contra tropas y helic\u00f3pteros estadounidenses estacionados en la base a\u00e9rea de Al Minhad, en EAU.<\/li>\n<li>El Emirato neg\u00f3 que la base fuera alcanzada, pero confirm\u00f3 que un dron iran\u00ed fue interceptado en sus aguas territoriales. Jordania intercept\u00f3 ocho proyectiles.<\/li>\n<\/ul>\n<p>\u200bTeher\u00e1n dijo que lanz\u00f3 decenas de drones contra tropas y helic\u00f3pteros estadounidenses estacionados en la base a\u00e9rea de Al Minhad, en EAU.El Emirato neg\u00f3 que la base fuera alcanzada, pero confirm\u00f3 que un dron iran\u00ed fue interceptado en sus aguas territoriales. Jordania intercept\u00f3 ocho proyectiles.\u00a0<a href=\"https:\/\/www.clarin.com\/mundo\/iran-afirma-ataco-bases-estados-unidos-emiratos-jordania-bombardeos-estadounidenses-isla-larak_0_O7Yajn8uDO.html\" target=\"_blank\" class=\"feedzy-rss-link-icon\">Read More<\/a><\/p>","protected":false},"excerpt":{"rendered":"<p>Teher\u00e1n dijo que lanz\u00f3 decenas de drones contra tropas y helic\u00f3pteros estadounidenses estacionados en la&#8230;<\/p>\n","protected":false},"author":1,"featured_media":71124,"comment_status":"open","ping_status":"open","sticky":false,"template":"","format":"standard","meta":{"footnotes":"","_members_access_role":[],"_members_access_error":""},"categories":[4],"tags":[],"class_list":["post-71123","post","type-post","status-publish","format-standard","has-post-thumbnail","hentry","category-internacionales"],"_links":{"self":[{"href":"https:\/\/masquenoticiastucuman.com.ar\/index.php?rest_route=\/wp\/v2\/posts\/71123","targetHints":{"allow":["GET"]}}],"collection":[{"href":"https:\/\/masquenoticiastucuman.com.ar\/index.php?rest_route=\/wp\/v2\/posts"}],"about":[{"href":"https:\/\/masquenoticiastucuman.com.ar\/index.php?rest_route=\/wp\/v2\/types\/post"}],"author":[{"embeddable":true,"href":"https:\/\/masquenoticiastucuman.com.ar\/index.php?rest_route=\/wp\/v2\/users\/1"}],"replies":[{"embeddable":true,"href":"https:\/\/masquenoticiastucuman.com.ar\/index.php?rest_route=%2Fwp%2Fv2%2Fcomments&post=71123"}],"version-history":[{"count":0,"href":"https:\/\/masquenoticiastucuman.com.ar\/index.php?rest_route=\/wp\/v2\/posts\/71123\/revisions"}],"wp:featuredmedia":[{"embeddable":true,"href":"https:\/\/masquenoticiastucuman.com.ar\/index.php?rest_route=\/wp\/v2\/media\/71124"}],"wp:attachment":[{"href":"https:\/\/masquenoticiastucuman.com.ar\/index.php?rest_route=%2Fwp%2Fv2%2Fmedia&parent=71123"}],"wp:term":[{"taxonomy":"category","embeddable":true,"href":"https:\/\/masquenoticiastucuman.com.ar\/index.php?rest_route=%2Fwp%2Fv2%2Fcategories&post=71123"},{"taxonomy":"post_tag","embeddable":true,"href":"https:\/\/masquenoticiastucuman.com.ar\/index.php?rest_route=%2Fwp%2Fv2%2Ftags&post=71123"}],"curies":[{"name":"wp","href":"https:\/\/api.w.org\/{rel}","templated":true}]}}