{"id":71127,"date":"2026-08-31T08:37:07","date_gmt":"2026-08-31T11:37:07","guid":{"rendered":"http:\/\/masquenoticiastucuman.com.ar\/?p=71127"},"modified":"2026-08-31T08:37:07","modified_gmt":"2026-08-31T11:37:07","slug":"djokovic-entre-las-lagrimas-y-un-cuerpo-que-le-pasa-factura-fue-su-ultimo-us-open-y-el-final-definitivo-de-la-era-del-big-three","status":"publish","type":"post","link":"https:\/\/masquenoticiastucuman.com.ar\/?p=71127","title":{"rendered":"Djokovic, entre las l\u00e1grimas y un cuerpo que le pasa factura: \u00bffue su \u00faltimo US Open y el final definitivo de la era del Big Three?"},"content":{"rendered":"<ul>\n<li>El serbio perdi\u00f3 con Mariano Navone, sufri\u00f3 v\u00f3mitos, calambres y dolores y se despidi\u00f3 en primera ronda de un Grand Slam por primera vez en 20 a\u00f1os.<\/li>\n<li>Adem\u00e1s, dejar\u00e1 el Top 10 despu\u00e9s de ocho a\u00f1os y por primera vez desde 2003 no habr\u00e1 ni a Federer, ni a Nadal ni a Djokovic en la segunda ronda de un torneo grande.<\/li>\n<\/ul>\n<p>\u200bEl serbio perdi\u00f3 con Mariano Navone, sufri\u00f3 v\u00f3mitos, calambres y dolores y se despidi\u00f3 en primera ronda de un Grand Slam por primera vez en 20 a\u00f1os.Adem\u00e1s, dejar\u00e1 el Top 10 despu\u00e9s de ocho a\u00f1os y por primera vez desde 2003 no habr\u00e1 ni a Federer, ni a Nadal ni a Djokovic en la segunda ronda de un torneo grande.\u00a0<a href=\"https:\/\/www.clarin.com\/deportes\/djokovic-lagrimas-cuerpo-pasa-factura-ultimo-us-open-final-definitivo-big-three_0_UPyTIuhw2A.html\" target=\"_blank\" class=\"feedzy-rss-link-icon\">Read More<\/a><\/p>","protected":false},"excerpt":{"rendered":"<p>El serbio perdi\u00f3 con Mariano Navone, sufri\u00f3 v\u00f3mitos, calambres y dolores y se despidi\u00f3 en&#8230;<\/p>\n","protected":false},"author":1,"featured_media":0,"comment_status":"open","ping_status":"open","sticky":false,"template":"","format":"standard","meta":{"footnotes":"","_members_access_role":[],"_members_access_error":""},"categories":[6],"tags":[],"class_list":["post-71127","post","type-post","status-publish","format-standard","has-post-thumbnail","hentry","category-deportes"],"_links":{"self":[{"href":"https:\/\/masquenoticiastucuman.com.ar\/index.php?rest_route=\/wp\/v2\/posts\/71127","targetHints":{"allow":["GET"]}}],"collection":[{"href":"https:\/\/masquenoticiastucuman.com.ar\/index.php?rest_route=\/wp\/v2\/posts"}],"about":[{"href":"https:\/\/masquenoticiastucuman.com.ar\/index.php?rest_route=\/wp\/v2\/types\/post"}],"author":[{"embeddable":true,"href":"https:\/\/masquenoticiastucuman.com.ar\/index.php?rest_route=\/wp\/v2\/users\/1"}],"replies":[{"embeddable":true,"href":"https:\/\/masquenoticiastucuman.com.ar\/index.php?rest_route=%2Fwp%2Fv2%2Fcomments&post=71127"}],"version-history":[{"count":0,"href":"https:\/\/masquenoticiastucuman.com.ar\/index.php?rest_route=\/wp\/v2\/posts\/71127\/revisions"}],"wp:attachment":[{"href":"https:\/\/masquenoticiastucuman.com.ar\/index.php?rest_route=%2Fwp%2Fv2%2Fmedia&parent=71127"}],"wp:term":[{"taxonomy":"category","embeddable":true,"href":"https:\/\/masquenoticiastucuman.com.ar\/index.php?rest_route=%2Fwp%2Fv2%2Fcategories&post=71127"},{"taxonomy":"post_tag","embeddable":true,"href":"https:\/\/masquenoticiastucuman.com.ar\/index.php?rest_route=%2Fwp%2Fv2%2Ftags&post=71127"}],"curies":[{"name":"wp","href":"https:\/\/api.w.org\/{rel}","templated":true}]}}