{"id":71129,"date":"2026-08-31T10:52:36","date_gmt":"2026-08-31T13:52:36","guid":{"rendered":"https:\/\/masquenoticiastucuman.com.ar\/?p=71129"},"modified":"2026-08-31T10:52:36","modified_gmt":"2026-08-31T13:52:36","slug":"jaldo-encabezo-el-homenaje-por-el-216-aniversario-del-nacimiento-de-alberdi","status":"publish","type":"post","link":"https:\/\/masquenoticiastucuman.com.ar\/?p=71129","title":{"rendered":"Jaldo encabez\u00f3 el homenaje por el 216\u00b0 aniversario del nacimiento de Alberdi"},"content":{"rendered":"\n<p class=\"wp-block-paragraph\">Autoridades provinciales colocaron la palma de Pueblo y Gobierno de Tucum\u00e1n en el monumento donde descansan los restos del destacado jurista, pol\u00edtico e intelectual tucumano.<\/p>\n\n\n\n<p class=\"wp-block-paragraph\">El gobernador&nbsp;<strong>Osvaldo Jaldo<\/strong>&nbsp;encabez\u00f3 esta ma\u00f1ana el acto conmemorativo por el 216\u00b0 aniversario del nacimiento de Juan Bautista Alberdi, una de las figuras fundamentales de la historia pol\u00edtica e institucional de la Argentina y uno de los tucumanos m\u00e1s destacados.<\/p>\n\n\n\n<p class=\"wp-block-paragraph\">Estuvieron presentes la intendenta de San Miguel de Tucum\u00e1n,&nbsp;<strong>Rossana Chahla<\/strong>; la fiscal de Estado,&nbsp;<strong>Gilda Pedicone de Valls&nbsp;<\/strong>y el fiscal adjunto<strong>&nbsp;Ra\u00fal Ferrazzano;<\/strong>&nbsp;la directora de Asesoramiento y Contralor,<strong>&nbsp;Sof\u00eda Mastrolorenzo;<\/strong>&nbsp;los ministros de Gobierno y Justicia<strong>, Regino Amado,<\/strong>&nbsp;de Educaci\u00f3n,<strong>&nbsp;Susana Montaldo,<\/strong>&nbsp;de Seguridad,&nbsp;<strong>Eugenio Aguero Gamboa<\/strong>&nbsp;y de Salud,&nbsp;<strong>Luis Medina Ruiz<\/strong>; el secretario general de la Gobernaci\u00f3n,&nbsp;<strong>Federico Nazur.<\/strong><\/p>\n\n\n\n<p class=\"wp-block-paragraph\">Del mismo modo, participaron el presidente del Concejo Deliberante de la Capital,&nbsp;<strong>Fernando Juri;&nbsp;<\/strong>la senadora&nbsp;<strong>Sandra Mendoza;<\/strong>&nbsp;el Presidente y la Vicepresidenta del Ente Tucum\u00e1n Turismo,&nbsp;<strong>Domingo Amaya e In\u00e9s Fr\u00edas Silva<\/strong>; el presidente de la FET,&nbsp;<strong>H\u00e9ctor Vi\u00f1uales;&nbsp;<\/strong>el director de Personas Jur\u00eddicas,&nbsp;<strong>Aldo Madero<\/strong>; el secretario de Energ\u00eda y Servicios P\u00fablicos,&nbsp;<strong>Mart\u00edn Viola;<\/strong>&nbsp;el secretario ejecutivo m\u00e9dico del Sistema Provincial de Salud,<strong>&nbsp;Miguel Ferre Contreras;<\/strong>&nbsp;el secretario de Producci\u00f3n<strong>, Eduardo Castro.<\/strong><\/p>\n\n\n\n<p class=\"wp-block-paragraph\">La ceremonia se llev\u00f3 a cabo en Casa de Gobierno, donde autoridades provinciales rindieron homenaje a la memoria y al legado de Alberdi. En el marco de la conmemoraci\u00f3n, se realiz\u00f3 la colocaci\u00f3n de la palma de Pueblo y Gobierno de Tucum\u00e1n en el monumento donde descansan los restos del pr\u00f3cer tucumano, como expresi\u00f3n del reconocimiento de la Provincia a su trayectoria y a su aporte a la construcci\u00f3n de la Naci\u00f3n.<\/p>\n\n\n\n<figure class=\"wp-block-image size-large\"><img loading=\"lazy\" decoding=\"async\" width=\"1024\" height=\"683\" src=\"https:\/\/masquenoticiastucuman.com.ar\/wp-content\/uploads\/2026\/08\/260831104223_98235-1024x683.jpeg\" alt=\"\" class=\"wp-image-71130\" srcset=\"https:\/\/masquenoticiastucuman.com.ar\/wp-content\/uploads\/2026\/08\/260831104223_98235-1024x683.jpeg 1024w, https:\/\/masquenoticiastucuman.com.ar\/wp-content\/uploads\/2026\/08\/260831104223_98235-300x200.jpeg 300w, https:\/\/masquenoticiastucuman.com.ar\/wp-content\/uploads\/2026\/08\/260831104223_98235-768x512.jpeg 768w, https:\/\/masquenoticiastucuman.com.ar\/wp-content\/uploads\/2026\/08\/260831104223_98235-1536x1024.jpeg 1536w, https:\/\/masquenoticiastucuman.com.ar\/wp-content\/uploads\/2026\/08\/260831104223_98235-1023x682.jpeg 1023w, https:\/\/masquenoticiastucuman.com.ar\/wp-content\/uploads\/2026\/08\/260831104223_98235.jpeg 1599w\" sizes=\"auto, (max-width: 1024px) 100vw, 1024px\" \/><\/figure>\n\n\n\n<p class=\"wp-block-paragraph\">Durante el acto, la fiscal de Estado, destac\u00f3 la importancia de resignificar el espacio donde descansan los restos de Alberdi y de mantener vigente su legado.<\/p>\n\n\n\n<p class=\"wp-block-paragraph\">\u201cHe venido a este monumento muchas veces antes de ser fiscal de Estado, y las ceremonias eran m\u00e1s bien del Colegio, de alg\u00fan par de colegas. Hemos reivindicado este espacio, esta tumba, estos restos. Hoy est\u00e1n resignificados\u201d, expres\u00f3.<\/p>\n\n\n\n<p class=\"wp-block-paragraph\">En ese sentido, sostuvo que el homenaje representa un compromiso con las ideas del pensador tucumano y con la vigencia de su obra. \u201cHoy venimos al pie de los restos de Alberdi a decirle: no nos olvidamos de lo que usted nos ha ense\u00f1ado\u201d, manifest\u00f3.<\/p>\n\n\n\n<p class=\"wp-block-paragraph\">Pedicone de Valls destac\u00f3 especialmente el desaf\u00edo de llevar a la pr\u00e1ctica los principios planteados por Alberdi en sus escritos fundacionales. \u201cLe prometemos, nos desafiamos a cumplir lo que usted propuso en sus \u2018Bases y puntos de partida\u2019. Nos proponemos que la Constituci\u00f3n se haga realidad\u201d, afirm\u00f3.<\/p>\n\n\n\n<p class=\"wp-block-paragraph\">La fiscal de Estado tambi\u00e9n puso en valor el trabajo cotidiano de los abogados que representan al Estado provincial y su v\u00ednculo con las pol\u00edticas p\u00fablicas. \u201cLos abogados del Estado, muchos de los cuales hoy nos han acompa\u00f1ado en sus reparticiones, trabajando expedientes que, en definitiva, son obras, son personas, nos han acompa\u00f1ado\u201d, se\u00f1al\u00f3.<\/p>\n\n\n\n<p class=\"wp-block-paragraph\">Finalmente, resalt\u00f3 la vigencia del pensamiento de Alberdi y su capacidad de anticiparse a cuestiones centrales de la organizaci\u00f3n institucional. \u201cAlberdi ha mirado todo eso con tanta claridad y con tanta antelaci\u00f3n, que merece, a 216 a\u00f1os de su fallecimiento, tener este reconocimiento. Lo vamos a sostener en el tiempo y no nos vamos a olvidar de sus lecciones y de sus mandatos\u201d, concluy\u00f3.<\/p>\n\n\n\n<p class=\"wp-block-paragraph\">Por su parte, la intendenta de San Miguel de Tucum\u00e1n, Rossana Chahla, destac\u00f3 el rol de los profesionales del derecho y salud\u00f3 a los abogados de la provincia, en el marco del D\u00eda del Abogado, que se conmemor\u00f3 el s\u00e1bado.<\/p>\n\n\n\n<p class=\"wp-block-paragraph\">\u201cEs una profesi\u00f3n que defiende los derechos de las personas. En este caso, estamos con abogados del Estado que defienden los derechos del Estado y resguardan los derechos que son de los vecinos tambi\u00e9n\u201d, expres\u00f3.<\/p>\n\n\n\n<p class=\"wp-block-paragraph\">Chahla remarc\u00f3 adem\u00e1s la importancia de trabajar desde las instituciones con una mirada cercana a la ciudadan\u00eda y con especial sensibilidad frente a quienes atraviesan situaciones dolorosas.<\/p>\n\n\n\n<p class=\"wp-block-paragraph\">\u201cSigamos con la convicci\u00f3n de que los derechos de la gente, los derechos de las personas, y poder trabajar cerca de la gente, porque algunas veces se ve que la Justicia est\u00e1 muy lejos de las personas\u201d, sostuvo.<\/p>\n\n\n\n<p class=\"wp-block-paragraph\">En ese sentido, hizo hincapi\u00e9 en la necesidad de fortalecer la cercan\u00eda y la empat\u00eda en el abordaje de situaciones que afectan profundamente a las familias. \u201cCreo que la cercan\u00eda y la empat\u00eda con aquella que ha sido v\u00edctima, con aquella madre que ha perdido su hijo o su hija, y que estas cosas no ocurran m\u00e1s\u201d, manifest\u00f3.<\/p>\n\n\n\n<p class=\"wp-block-paragraph\">Finalmente, Chahla se\u00f1al\u00f3 que el compromiso de las instituciones debe contemplar el impacto que estas situaciones generan en toda la sociedad. \u201cNosotros no queremos una tierra donde puedan ocurrir estas cosas. Cuando le tocan a uno es muy duro, pero cuando le tocan a los dem\u00e1s, nosotros tambi\u00e9n tenemos que ver que esa familia la est\u00e1 pasando mal y que esto no se recupera muchas de las veces\u201d, afirm\u00f3.<\/p>\n\n\n\n<figure class=\"wp-block-image size-large\"><img loading=\"lazy\" decoding=\"async\" width=\"1024\" height=\"683\" src=\"https:\/\/masquenoticiastucuman.com.ar\/wp-content\/uploads\/2026\/08\/260831104214_70002-1024x683.jpeg\" alt=\"\" class=\"wp-image-71131\" srcset=\"https:\/\/masquenoticiastucuman.com.ar\/wp-content\/uploads\/2026\/08\/260831104214_70002-1024x683.jpeg 1024w, https:\/\/masquenoticiastucuman.com.ar\/wp-content\/uploads\/2026\/08\/260831104214_70002-300x200.jpeg 300w, https:\/\/masquenoticiastucuman.com.ar\/wp-content\/uploads\/2026\/08\/260831104214_70002-768x512.jpeg 768w, https:\/\/masquenoticiastucuman.com.ar\/wp-content\/uploads\/2026\/08\/260831104214_70002-1536x1024.jpeg 1536w, https:\/\/masquenoticiastucuman.com.ar\/wp-content\/uploads\/2026\/08\/260831104214_70002-1023x682.jpeg 1023w, https:\/\/masquenoticiastucuman.com.ar\/wp-content\/uploads\/2026\/08\/260831104214_70002.jpeg 1599w\" sizes=\"auto, (max-width: 1024px) 100vw, 1024px\" \/><\/figure>\n","protected":false},"excerpt":{"rendered":"<p>Autoridades provinciales colocaron la palma de Pueblo y Gobierno de Tucum\u00e1n en el monumento donde&#8230;<\/p>\n","protected":false},"author":2,"featured_media":71132,"comment_status":"open","ping_status":"open","sticky":false,"template":"","format":"standard","meta":{"footnotes":"","_members_access_role":[],"_members_access_error":""},"categories":[2],"tags":[],"class_list":["post-71129","post","type-post","status-publish","format-standard","has-post-thumbnail","hentry","category-locales"],"_links":{"self":[{"href":"https:\/\/masquenoticiastucuman.com.ar\/index.php?rest_route=\/wp\/v2\/posts\/71129","targetHints":{"allow":["GET"]}}],"collection":[{"href":"https:\/\/masquenoticiastucuman.com.ar\/index.php?rest_route=\/wp\/v2\/posts"}],"about":[{"href":"https:\/\/masquenoticiastucuman.com.ar\/index.php?rest_route=\/wp\/v2\/types\/post"}],"author":[{"embeddable":true,"href":"https:\/\/masquenoticiastucuman.com.ar\/index.php?rest_route=\/wp\/v2\/users\/2"}],"replies":[{"embeddable":true,"href":"https:\/\/masquenoticiastucuman.com.ar\/index.php?rest_route=%2Fwp%2Fv2%2Fcomments&post=71129"}],"version-history":[{"count":1,"href":"https:\/\/masquenoticiastucuman.com.ar\/index.php?rest_route=\/wp\/v2\/posts\/71129\/revisions"}],"predecessor-version":[{"id":71133,"href":"https:\/\/masquenoticiastucuman.com.ar\/index.php?rest_route=\/wp\/v2\/posts\/71129\/revisions\/71133"}],"wp:featuredmedia":[{"embeddable":true,"href":"https:\/\/masquenoticiastucuman.com.ar\/index.php?rest_route=\/wp\/v2\/media\/71132"}],"wp:attachment":[{"href":"https:\/\/masquenoticiastucuman.com.ar\/index.php?rest_route=%2Fwp%2Fv2%2Fmedia&parent=71129"}],"wp:term":[{"taxonomy":"category","embeddable":true,"href":"https:\/\/masquenoticiastucuman.com.ar\/index.php?rest_route=%2Fwp%2Fv2%2Fcategories&post=71129"},{"taxonomy":"post_tag","embeddable":true,"href":"https:\/\/masquenoticiastucuman.com.ar\/index.php?rest_route=%2Fwp%2Fv2%2Ftags&post=71129"}],"curies":[{"name":"wp","href":"https:\/\/api.w.org\/{rel}","templated":true}]}}