{"id":71148,"date":"2026-08-31T13:43:15","date_gmt":"2026-08-31T16:43:15","guid":{"rendered":"http:\/\/masquenoticiastucuman.com.ar\/?p=71148"},"modified":"2026-08-31T13:43:15","modified_gmt":"2026-08-31T16:43:15","slug":"caputo-en-ee-uu-defendio-la-reforma-del-banco-central-y-dijo-que-la-estabilidad-economica-sera-la-base-para-el-crecimiento","status":"publish","type":"post","link":"https:\/\/masquenoticiastucuman.com.ar\/?p=71148","title":{"rendered":"Caputo en EE.UU: defendi\u00f3 la reforma del Banco Central y dijo que la estabilidad econ\u00f3mica ser\u00e1 la base para el crecimiento"},"content":{"rendered":"<ul>\n<li>El ministro de Econom\u00eda particip\u00f3 de la reuni\u00f3n de ministros de Finanzas y banqueros centrales del G20.<\/li>\n<li>Se espera una reuni\u00f3n con el secretario del Tesoro norteamericano, Scott Bessent.<\/li>\n<\/ul>\n<p>\u200bEl ministro de Econom\u00eda particip\u00f3 de la reuni\u00f3n de ministros de Finanzas y banqueros centrales del G20.Se espera una reuni\u00f3n con el secretario del Tesoro norteamericano, Scott Bessent.\u00a0<a href=\"https:\/\/www.clarin.com\/economia\/caputo-eeuu-defendio-reforma-banco-central-dijo-estabilidad-economica-base-crecimiento_0_3ddKyTC6vT.html\" target=\"_blank\" class=\"feedzy-rss-link-icon\">Read More<\/a><\/p>","protected":false},"excerpt":{"rendered":"<p>El ministro de Econom\u00eda particip\u00f3 de la reuni\u00f3n de ministros de Finanzas y banqueros centrales&#8230;<\/p>\n","protected":false},"author":1,"featured_media":0,"comment_status":"open","ping_status":"open","sticky":false,"template":"","format":"standard","meta":{"footnotes":"","_members_access_role":[],"_members_access_error":""},"categories":[3],"tags":[],"class_list":["post-71148","post","type-post","status-publish","format-standard","has-post-thumbnail","hentry","category-nacionales"],"_links":{"self":[{"href":"https:\/\/masquenoticiastucuman.com.ar\/index.php?rest_route=\/wp\/v2\/posts\/71148","targetHints":{"allow":["GET"]}}],"collection":[{"href":"https:\/\/masquenoticiastucuman.com.ar\/index.php?rest_route=\/wp\/v2\/posts"}],"about":[{"href":"https:\/\/masquenoticiastucuman.com.ar\/index.php?rest_route=\/wp\/v2\/types\/post"}],"author":[{"embeddable":true,"href":"https:\/\/masquenoticiastucuman.com.ar\/index.php?rest_route=\/wp\/v2\/users\/1"}],"replies":[{"embeddable":true,"href":"https:\/\/masquenoticiastucuman.com.ar\/index.php?rest_route=%2Fwp%2Fv2%2Fcomments&post=71148"}],"version-history":[{"count":0,"href":"https:\/\/masquenoticiastucuman.com.ar\/index.php?rest_route=\/wp\/v2\/posts\/71148\/revisions"}],"wp:attachment":[{"href":"https:\/\/masquenoticiastucuman.com.ar\/index.php?rest_route=%2Fwp%2Fv2%2Fmedia&parent=71148"}],"wp:term":[{"taxonomy":"category","embeddable":true,"href":"https:\/\/masquenoticiastucuman.com.ar\/index.php?rest_route=%2Fwp%2Fv2%2Fcategories&post=71148"},{"taxonomy":"post_tag","embeddable":true,"href":"https:\/\/masquenoticiastucuman.com.ar\/index.php?rest_route=%2Fwp%2Fv2%2Ftags&post=71148"}],"curies":[{"name":"wp","href":"https:\/\/api.w.org\/{rel}","templated":true}]}}