{"id":71151,"date":"2026-08-31T12:28:59","date_gmt":"2026-08-31T15:28:59","guid":{"rendered":"http:\/\/masquenoticiastucuman.com.ar\/?p=71151"},"modified":"2026-08-31T12:28:59","modified_gmt":"2026-08-31T15:28:59","slug":"murio-miguel-zavaleta-lider-de-sueter-a-los-71-anos","status":"publish","type":"post","link":"https:\/\/masquenoticiastucuman.com.ar\/?p=71151","title":{"rendered":"Muri\u00f3 Miguel Zavaleta, l\u00edder de Su\u00e9ter, a los 71 a\u00f1os"},"content":{"rendered":"<ul>\n<li>Fue una de las figuras clave del rock nacional, fundamentalmente de los &#8217;80 y los &#8217;90..<\/li>\n<li>Luchaba contra un c\u00e1ncer de huesos, pero igual segu\u00eda trabajando en varios proyectos musicales en su casa.<\/li>\n<\/ul>\n<p>\u200bFue una de las figuras clave del rock nacional, fundamentalmente de los &#8217;80 y los &#8217;90..Luchaba contra un c\u00e1ncer de huesos, pero igual segu\u00eda trabajando en varios proyectos musicales en su casa.\u00a0<a href=\"https:\/\/www.clarin.com\/espectaculos\/murio-miguel-zavaleta-lider-sueter-71-anos_0_kshiCJko74.html\" target=\"_blank\" class=\"feedzy-rss-link-icon\">Read More<\/a><\/p>","protected":false},"excerpt":{"rendered":"<p>Fue una de las figuras clave del rock nacional, fundamentalmente de los &#8217;80 y los&#8230;<\/p>\n","protected":false},"author":1,"featured_media":0,"comment_status":"open","ping_status":"open","sticky":false,"template":"","format":"standard","meta":{"footnotes":"","_members_access_role":[],"_members_access_error":""},"categories":[5],"tags":[],"class_list":["post-71151","post","type-post","status-publish","format-standard","has-post-thumbnail","hentry","category-espectaculo"],"_links":{"self":[{"href":"https:\/\/masquenoticiastucuman.com.ar\/index.php?rest_route=\/wp\/v2\/posts\/71151","targetHints":{"allow":["GET"]}}],"collection":[{"href":"https:\/\/masquenoticiastucuman.com.ar\/index.php?rest_route=\/wp\/v2\/posts"}],"about":[{"href":"https:\/\/masquenoticiastucuman.com.ar\/index.php?rest_route=\/wp\/v2\/types\/post"}],"author":[{"embeddable":true,"href":"https:\/\/masquenoticiastucuman.com.ar\/index.php?rest_route=\/wp\/v2\/users\/1"}],"replies":[{"embeddable":true,"href":"https:\/\/masquenoticiastucuman.com.ar\/index.php?rest_route=%2Fwp%2Fv2%2Fcomments&post=71151"}],"version-history":[{"count":0,"href":"https:\/\/masquenoticiastucuman.com.ar\/index.php?rest_route=\/wp\/v2\/posts\/71151\/revisions"}],"wp:attachment":[{"href":"https:\/\/masquenoticiastucuman.com.ar\/index.php?rest_route=%2Fwp%2Fv2%2Fmedia&parent=71151"}],"wp:term":[{"taxonomy":"category","embeddable":true,"href":"https:\/\/masquenoticiastucuman.com.ar\/index.php?rest_route=%2Fwp%2Fv2%2Fcategories&post=71151"},{"taxonomy":"post_tag","embeddable":true,"href":"https:\/\/masquenoticiastucuman.com.ar\/index.php?rest_route=%2Fwp%2Fv2%2Ftags&post=71151"}],"curies":[{"name":"wp","href":"https:\/\/api.w.org\/{rel}","templated":true}]}}