{"id":71152,"date":"2026-08-31T13:38:44","date_gmt":"2026-08-31T16:38:44","guid":{"rendered":"http:\/\/masquenoticiastucuman.com.ar\/?p=71152"},"modified":"2026-08-31T13:38:44","modified_gmt":"2026-08-31T16:38:44","slug":"gracias-eternas-leo-el-mensaje-de-la-afa-a-lionel-messi-tras-anunciar-su-retiro-de-la-seleccion-argentina","status":"publish","type":"post","link":"https:\/\/masquenoticiastucuman.com.ar\/?p=71152","title":{"rendered":"\u201cGracias eternas, Leo\u201d: el mensaje de la AFA a Lionel Messi tras anunciar su retiro de la Selecci\u00f3n Argentina"},"content":{"rendered":"<ul>\n<li>La Asociaci\u00f3n del F\u00fatbol Argentino despidi\u00f3 al capit\u00e1n con una imagen levantando la Copa del Mundo de Qatar 2022: \u201cTe vamos a amar hasta el final de nuestros d\u00edas\u201d.<\/li>\n<li>El homenaje record\u00f3 al 10 como \u201cLeyenda\u201d y gener\u00f3 miles de reacciones. El predio de Ezeiza lleva el nombre de Lionel Andr\u00e9s Messi desde 2023.<\/li>\n<\/ul>\n<p>\u200bLa Asociaci\u00f3n del F\u00fatbol Argentino despidi\u00f3 al capit\u00e1n con una imagen levantando la Copa del Mundo de Qatar 2022: \u201cTe vamos a amar hasta el final de nuestros d\u00edas\u201d.El homenaje record\u00f3 al 10 como \u201cLeyenda\u201d y gener\u00f3 miles de reacciones. El predio de Ezeiza lleva el nombre de Lionel Andr\u00e9s Messi desde 2023.\u00a0<a href=\"https:\/\/www.clarin.com\/deportes\/gracias-eternas-leo-mensaje-afa-lionel-messi-anunciar-retiro-seleccion-argentina_0_qokWLRe5uR.html\" target=\"_blank\" class=\"feedzy-rss-link-icon\">Read More<\/a><\/p>","protected":false},"excerpt":{"rendered":"<p>La Asociaci\u00f3n del F\u00fatbol Argentino despidi\u00f3 al capit\u00e1n con una imagen levantando la Copa del&#8230;<\/p>\n","protected":false},"author":1,"featured_media":0,"comment_status":"open","ping_status":"open","sticky":false,"template":"","format":"standard","meta":{"footnotes":"","_members_access_role":[],"_members_access_error":""},"categories":[6],"tags":[],"class_list":["post-71152","post","type-post","status-publish","format-standard","has-post-thumbnail","hentry","category-deportes"],"_links":{"self":[{"href":"https:\/\/masquenoticiastucuman.com.ar\/index.php?rest_route=\/wp\/v2\/posts\/71152","targetHints":{"allow":["GET"]}}],"collection":[{"href":"https:\/\/masquenoticiastucuman.com.ar\/index.php?rest_route=\/wp\/v2\/posts"}],"about":[{"href":"https:\/\/masquenoticiastucuman.com.ar\/index.php?rest_route=\/wp\/v2\/types\/post"}],"author":[{"embeddable":true,"href":"https:\/\/masquenoticiastucuman.com.ar\/index.php?rest_route=\/wp\/v2\/users\/1"}],"replies":[{"embeddable":true,"href":"https:\/\/masquenoticiastucuman.com.ar\/index.php?rest_route=%2Fwp%2Fv2%2Fcomments&post=71152"}],"version-history":[{"count":0,"href":"https:\/\/masquenoticiastucuman.com.ar\/index.php?rest_route=\/wp\/v2\/posts\/71152\/revisions"}],"wp:attachment":[{"href":"https:\/\/masquenoticiastucuman.com.ar\/index.php?rest_route=%2Fwp%2Fv2%2Fmedia&parent=71152"}],"wp:term":[{"taxonomy":"category","embeddable":true,"href":"https:\/\/masquenoticiastucuman.com.ar\/index.php?rest_route=%2Fwp%2Fv2%2Fcategories&post=71152"},{"taxonomy":"post_tag","embeddable":true,"href":"https:\/\/masquenoticiastucuman.com.ar\/index.php?rest_route=%2Fwp%2Fv2%2Ftags&post=71152"}],"curies":[{"name":"wp","href":"https:\/\/api.w.org\/{rel}","templated":true}]}}