{"id":71154,"date":"2026-08-31T15:03:47","date_gmt":"2026-08-31T18:03:47","guid":{"rendered":"http:\/\/masquenoticiastucuman.com.ar\/?p=71154"},"modified":"2026-08-31T15:03:47","modified_gmt":"2026-08-31T18:03:47","slug":"el-boom-de-la-extrema-derecha-pone-a-prueba-a-alemania-en-las-elecciones-de-setiembre","status":"publish","type":"post","link":"https:\/\/masquenoticiastucuman.com.ar\/?p=71154","title":{"rendered":"El boom de la extrema derecha pone a prueba a Alemania en las elecciones de setiembre"},"content":{"rendered":"<ul>\n<li>Ulrich Siegmund, el ultraderechista a quien califican como \u201cel hombre m\u00e1s peligroso de Alemania\u201d, podr\u00eda convertirse en jefe del gobierno del Estado de Sajonia-Anhalt, donde hist\u00f3ricamente ha vencido la Democracia Cristiana.<\/li>\n<li>Es el candidato de AfD, Alternativa para Alemania, y podr\u00eda sumar el 40% de los votos.<\/li>\n<\/ul>\n<p>\u200bUlrich Siegmund, el ultraderechista a quien califican como \u201cel hombre m\u00e1s peligroso de Alemania\u201d, podr\u00eda convertirse en jefe del gobierno del Estado de Sajonia-Anhalt, donde hist\u00f3ricamente ha vencido la Democracia Cristiana.Es el candidato de AfD, Alternativa para Alemania, y podr\u00eda sumar el 40% de los votos.\u00a0<a href=\"https:\/\/www.clarin.com\/mundo\/boom-extrema-derecha-pone-prueba-alemania-elecciones-setiembre_0_VDCD8UYV2V.html\" target=\"_blank\" class=\"feedzy-rss-link-icon\">Read More<\/a><\/p>","protected":false},"excerpt":{"rendered":"<p>Ulrich Siegmund, el ultraderechista a quien califican como \u201cel hombre m\u00e1s peligroso de Alemania\u201d, podr\u00eda&#8230;<\/p>\n","protected":false},"author":1,"featured_media":71155,"comment_status":"open","ping_status":"open","sticky":false,"template":"","format":"standard","meta":{"footnotes":"","_members_access_role":[],"_members_access_error":""},"categories":[4],"tags":[],"class_list":["post-71154","post","type-post","status-publish","format-standard","has-post-thumbnail","hentry","category-internacionales"],"_links":{"self":[{"href":"https:\/\/masquenoticiastucuman.com.ar\/index.php?rest_route=\/wp\/v2\/posts\/71154","targetHints":{"allow":["GET"]}}],"collection":[{"href":"https:\/\/masquenoticiastucuman.com.ar\/index.php?rest_route=\/wp\/v2\/posts"}],"about":[{"href":"https:\/\/masquenoticiastucuman.com.ar\/index.php?rest_route=\/wp\/v2\/types\/post"}],"author":[{"embeddable":true,"href":"https:\/\/masquenoticiastucuman.com.ar\/index.php?rest_route=\/wp\/v2\/users\/1"}],"replies":[{"embeddable":true,"href":"https:\/\/masquenoticiastucuman.com.ar\/index.php?rest_route=%2Fwp%2Fv2%2Fcomments&post=71154"}],"version-history":[{"count":0,"href":"https:\/\/masquenoticiastucuman.com.ar\/index.php?rest_route=\/wp\/v2\/posts\/71154\/revisions"}],"wp:featuredmedia":[{"embeddable":true,"href":"https:\/\/masquenoticiastucuman.com.ar\/index.php?rest_route=\/wp\/v2\/media\/71155"}],"wp:attachment":[{"href":"https:\/\/masquenoticiastucuman.com.ar\/index.php?rest_route=%2Fwp%2Fv2%2Fmedia&parent=71154"}],"wp:term":[{"taxonomy":"category","embeddable":true,"href":"https:\/\/masquenoticiastucuman.com.ar\/index.php?rest_route=%2Fwp%2Fv2%2Fcategories&post=71154"},{"taxonomy":"post_tag","embeddable":true,"href":"https:\/\/masquenoticiastucuman.com.ar\/index.php?rest_route=%2Fwp%2Fv2%2Ftags&post=71154"}],"curies":[{"name":"wp","href":"https:\/\/api.w.org\/{rel}","templated":true}]}}