{"id":71156,"date":"2026-08-31T13:52:43","date_gmt":"2026-08-31T16:52:43","guid":{"rendered":"http:\/\/masquenoticiastucuman.com.ar\/?p=71156"},"modified":"2026-08-31T13:52:43","modified_gmt":"2026-08-31T16:52:43","slug":"roberto-devorik-a-29-anos-de-la-muerte-de-lady-di-mientras-viva-el-rey-la-memoria-de-diana-estara-en-la-niebla-inglesa","status":"publish","type":"post","link":"https:\/\/masquenoticiastucuman.com.ar\/?p=71156","title":{"rendered":"Roberto Devorik, a 29 a\u00f1os de la muerte de Lady Di: &#8220;Mientras viva el rey, la memoria de Diana estar\u00e1 en la niebla inglesa&#8221;"},"content":{"rendered":"<ul>\n<li>Confidente y amigo de la princesa fallecida en Par\u00eds, este empresario y dise\u00f1ador argentino habl\u00f3 con Clar\u00edn sobre el legado de Diana y la familia real brit\u00e1nica hoy.<\/li>\n<li>&#8220;El pueblo ingl\u00e9s no quiere la vejez vetusta de Camila y un rey enfermo&#8221;, asegura.<\/li>\n<\/ul>\n<p>\u200bConfidente y amigo de la princesa fallecida en Par\u00eds, este empresario y dise\u00f1ador argentino habl\u00f3 con Clar\u00edn sobre el legado de Diana y la familia real brit\u00e1nica hoy.&#8221;El pueblo ingl\u00e9s no quiere la vejez vetusta de Camila y un rey enfermo&#8221;, asegura.\u00a0<a href=\"https:\/\/www.clarin.com\/mundo\/roberto-devorik-29-anos-muerte-lady-di-viva-rey-memoria-diana-niebla-inglesa_0_fx2uATyf03.html\" target=\"_blank\" class=\"feedzy-rss-link-icon\">Read More<\/a><\/p>","protected":false},"excerpt":{"rendered":"<p>Confidente y amigo de la princesa fallecida en Par\u00eds, este empresario y dise\u00f1ador argentino habl\u00f3&#8230;<\/p>\n","protected":false},"author":1,"featured_media":71157,"comment_status":"open","ping_status":"open","sticky":false,"template":"","format":"standard","meta":{"footnotes":"","_members_access_role":[],"_members_access_error":""},"categories":[4],"tags":[],"class_list":["post-71156","post","type-post","status-publish","format-standard","has-post-thumbnail","hentry","category-internacionales"],"_links":{"self":[{"href":"https:\/\/masquenoticiastucuman.com.ar\/index.php?rest_route=\/wp\/v2\/posts\/71156","targetHints":{"allow":["GET"]}}],"collection":[{"href":"https:\/\/masquenoticiastucuman.com.ar\/index.php?rest_route=\/wp\/v2\/posts"}],"about":[{"href":"https:\/\/masquenoticiastucuman.com.ar\/index.php?rest_route=\/wp\/v2\/types\/post"}],"author":[{"embeddable":true,"href":"https:\/\/masquenoticiastucuman.com.ar\/index.php?rest_route=\/wp\/v2\/users\/1"}],"replies":[{"embeddable":true,"href":"https:\/\/masquenoticiastucuman.com.ar\/index.php?rest_route=%2Fwp%2Fv2%2Fcomments&post=71156"}],"version-history":[{"count":0,"href":"https:\/\/masquenoticiastucuman.com.ar\/index.php?rest_route=\/wp\/v2\/posts\/71156\/revisions"}],"wp:featuredmedia":[{"embeddable":true,"href":"https:\/\/masquenoticiastucuman.com.ar\/index.php?rest_route=\/wp\/v2\/media\/71157"}],"wp:attachment":[{"href":"https:\/\/masquenoticiastucuman.com.ar\/index.php?rest_route=%2Fwp%2Fv2%2Fmedia&parent=71156"}],"wp:term":[{"taxonomy":"category","embeddable":true,"href":"https:\/\/masquenoticiastucuman.com.ar\/index.php?rest_route=%2Fwp%2Fv2%2Fcategories&post=71156"},{"taxonomy":"post_tag","embeddable":true,"href":"https:\/\/masquenoticiastucuman.com.ar\/index.php?rest_route=%2Fwp%2Fv2%2Ftags&post=71156"}],"curies":[{"name":"wp","href":"https:\/\/api.w.org\/{rel}","templated":true}]}}