{"id":71158,"date":"2026-08-31T15:14:15","date_gmt":"2026-08-31T18:14:15","guid":{"rendered":"http:\/\/masquenoticiastucuman.com.ar\/?p=71158"},"modified":"2026-08-31T15:14:15","modified_gmt":"2026-08-31T18:14:15","slug":"teatro-en-buenos-aires-a-mitad-de-precio-comienza-el-festival-llegas-con-mas-de-50-obras-y-mas-de-500-artistas","status":"publish","type":"post","link":"https:\/\/masquenoticiastucuman.com.ar\/?p=71158","title":{"rendered":"Teatro en Buenos Aires a mitad de precio: comienza el Festival Lleg\u00e1s, con m\u00e1s de 50 obras y m\u00e1s de 500 artistas"},"content":{"rendered":"<ul>\n<li>Del 31 de agosto al 6 de septiembre se realizar\u00e1 la novena edici\u00f3n de este encuentro que combina piezas teatrales, cursos y charlas.<\/li>\n<li>Todas las funciones son en diferentes salas de la ciudad de Buenos Aires.<\/li>\n<\/ul>\n<p>\u200bDel 31 de agosto al 6 de septiembre se realizar\u00e1 la novena edici\u00f3n de este encuentro que combina piezas teatrales, cursos y charlas.Todas las funciones son en diferentes salas de la ciudad de Buenos Aires.\u00a0<a href=\"https:\/\/www.clarin.com\/espectaculos\/teatro-buenos-aires-mitad-precio-comienza-festival-llegas-50-obras-500-artistas_0_DWxfsleyuO.html\" target=\"_blank\" class=\"feedzy-rss-link-icon\">Read More<\/a><\/p>","protected":false},"excerpt":{"rendered":"<p>Del 31 de agosto al 6 de septiembre se realizar\u00e1 la novena edici\u00f3n de este&#8230;<\/p>\n","protected":false},"author":1,"featured_media":0,"comment_status":"open","ping_status":"open","sticky":false,"template":"","format":"standard","meta":{"footnotes":"","_members_access_role":[],"_members_access_error":""},"categories":[5],"tags":[],"class_list":["post-71158","post","type-post","status-publish","format-standard","has-post-thumbnail","hentry","category-espectaculo"],"_links":{"self":[{"href":"https:\/\/masquenoticiastucuman.com.ar\/index.php?rest_route=\/wp\/v2\/posts\/71158","targetHints":{"allow":["GET"]}}],"collection":[{"href":"https:\/\/masquenoticiastucuman.com.ar\/index.php?rest_route=\/wp\/v2\/posts"}],"about":[{"href":"https:\/\/masquenoticiastucuman.com.ar\/index.php?rest_route=\/wp\/v2\/types\/post"}],"author":[{"embeddable":true,"href":"https:\/\/masquenoticiastucuman.com.ar\/index.php?rest_route=\/wp\/v2\/users\/1"}],"replies":[{"embeddable":true,"href":"https:\/\/masquenoticiastucuman.com.ar\/index.php?rest_route=%2Fwp%2Fv2%2Fcomments&post=71158"}],"version-history":[{"count":0,"href":"https:\/\/masquenoticiastucuman.com.ar\/index.php?rest_route=\/wp\/v2\/posts\/71158\/revisions"}],"wp:attachment":[{"href":"https:\/\/masquenoticiastucuman.com.ar\/index.php?rest_route=%2Fwp%2Fv2%2Fmedia&parent=71158"}],"wp:term":[{"taxonomy":"category","embeddable":true,"href":"https:\/\/masquenoticiastucuman.com.ar\/index.php?rest_route=%2Fwp%2Fv2%2Fcategories&post=71158"},{"taxonomy":"post_tag","embeddable":true,"href":"https:\/\/masquenoticiastucuman.com.ar\/index.php?rest_route=%2Fwp%2Fv2%2Ftags&post=71158"}],"curies":[{"name":"wp","href":"https:\/\/api.w.org\/{rel}","templated":true}]}}