{"id":71161,"date":"2026-08-31T15:40:26","date_gmt":"2026-08-31T18:40:26","guid":{"rendered":"http:\/\/masquenoticiastucuman.com.ar\/?p=71161"},"modified":"2026-08-31T15:40:26","modified_gmt":"2026-08-31T18:40:26","slug":"narcotrafico-en-mexico-al-menos-10-heridos-8-de-ellos-civiles-al-estallar-un-vehiculo-frente-a-una-comisaria-policial-en-zacatecas","status":"publish","type":"post","link":"https:\/\/masquenoticiastucuman.com.ar\/?p=71161","title":{"rendered":"Narcotr\u00e1fico en M\u00e9xico: al menos 10 heridos, 8 de ellos civiles, al estallar un veh\u00edculo frente a una comisar\u00eda policial en Zacatecas"},"content":{"rendered":"<ul>\n<li>Se trat\u00f3 de un ataque directo contra la polic\u00eda de Ojocaliente y presuntamente vinculado al C\u00e1rtel Jalisco Nueva Generaci\u00f3n.<\/li>\n<li>La onda expansiva alcanz\u00f3 viviendas del centro de esa ciudad de unos 20.000 habitantes y situada a unos 600 kil\u00f3metros al noroeste de Ciudad de M\u00e9xico.<\/li>\n<\/ul>\n<p>\u200bSe trat\u00f3 de un ataque directo contra la polic\u00eda de Ojocaliente y presuntamente vinculado al C\u00e1rtel Jalisco Nueva Generaci\u00f3n.La onda expansiva alcanz\u00f3 viviendas del centro de esa ciudad de unos 20.000 habitantes y situada a unos 600 kil\u00f3metros al noroeste de Ciudad de M\u00e9xico.\u00a0<a href=\"https:\/\/www.clarin.com\/mundo\/narcotrafico-mexico-10-heridos-8-civiles-estallar-vehiculo-frente-comisaria-policial-zacatecas_0_lrATcokrul.html\" target=\"_blank\" class=\"feedzy-rss-link-icon\">Read More<\/a><\/p>","protected":false},"excerpt":{"rendered":"<p>Se trat\u00f3 de un ataque directo contra la polic\u00eda de Ojocaliente y presuntamente vinculado al&#8230;<\/p>\n","protected":false},"author":1,"featured_media":71162,"comment_status":"open","ping_status":"open","sticky":false,"template":"","format":"standard","meta":{"footnotes":"","_members_access_role":[],"_members_access_error":""},"categories":[4],"tags":[],"class_list":["post-71161","post","type-post","status-publish","format-standard","has-post-thumbnail","hentry","category-internacionales"],"_links":{"self":[{"href":"https:\/\/masquenoticiastucuman.com.ar\/index.php?rest_route=\/wp\/v2\/posts\/71161","targetHints":{"allow":["GET"]}}],"collection":[{"href":"https:\/\/masquenoticiastucuman.com.ar\/index.php?rest_route=\/wp\/v2\/posts"}],"about":[{"href":"https:\/\/masquenoticiastucuman.com.ar\/index.php?rest_route=\/wp\/v2\/types\/post"}],"author":[{"embeddable":true,"href":"https:\/\/masquenoticiastucuman.com.ar\/index.php?rest_route=\/wp\/v2\/users\/1"}],"replies":[{"embeddable":true,"href":"https:\/\/masquenoticiastucuman.com.ar\/index.php?rest_route=%2Fwp%2Fv2%2Fcomments&post=71161"}],"version-history":[{"count":0,"href":"https:\/\/masquenoticiastucuman.com.ar\/index.php?rest_route=\/wp\/v2\/posts\/71161\/revisions"}],"wp:featuredmedia":[{"embeddable":true,"href":"https:\/\/masquenoticiastucuman.com.ar\/index.php?rest_route=\/wp\/v2\/media\/71162"}],"wp:attachment":[{"href":"https:\/\/masquenoticiastucuman.com.ar\/index.php?rest_route=%2Fwp%2Fv2%2Fmedia&parent=71161"}],"wp:term":[{"taxonomy":"category","embeddable":true,"href":"https:\/\/masquenoticiastucuman.com.ar\/index.php?rest_route=%2Fwp%2Fv2%2Fcategories&post=71161"},{"taxonomy":"post_tag","embeddable":true,"href":"https:\/\/masquenoticiastucuman.com.ar\/index.php?rest_route=%2Fwp%2Fv2%2Ftags&post=71161"}],"curies":[{"name":"wp","href":"https:\/\/api.w.org\/{rel}","templated":true}]}}