{"id":71163,"date":"2026-08-31T16:05:21","date_gmt":"2026-08-31T19:05:21","guid":{"rendered":"http:\/\/masquenoticiastucuman.com.ar\/?p=71163"},"modified":"2026-08-31T16:05:21","modified_gmt":"2026-08-31T19:05:21","slug":"pimpinela-tendra-su-propia-biopic-con-foco-en-la-musica-pero-tambien-en-su-historia-de-lucha-y-resiliencia","status":"publish","type":"post","link":"https:\/\/masquenoticiastucuman.com.ar\/?p=71163","title":{"rendered":"Pimpinela tendr\u00e1 su propia biopic, con foco en la m\u00fasica, pero tambi\u00e9n en su historia de lucha y resiliencia"},"content":{"rendered":"<ul>\n<li>Comenzar\u00e1 a filmarse en 2027, con la idea de que tambi\u00e9n llegue a las salas a fines de ese a\u00f1o.<\/li>\n<li>Una trama familiar sobre un recorrido que no siempre fue un lecho de rosas.<\/li>\n<\/ul>\n<p>\u200bComenzar\u00e1 a filmarse en 2027, con la idea de que tambi\u00e9n llegue a las salas a fines de ese a\u00f1o.Una trama familiar sobre un recorrido que no siempre fue un lecho de rosas.\u00a0<a href=\"https:\/\/www.clarin.com\/espectaculos\/pimpinela-propia-biopic-foco-musica-historia-lucha-resiliencia_0_XtvTkmSyFp.html\" target=\"_blank\" class=\"feedzy-rss-link-icon\">Read More<\/a><\/p>","protected":false},"excerpt":{"rendered":"<p>Comenzar\u00e1 a filmarse en 2027, con la idea de que tambi\u00e9n llegue a las salas&#8230;<\/p>\n","protected":false},"author":1,"featured_media":0,"comment_status":"open","ping_status":"open","sticky":false,"template":"","format":"standard","meta":{"footnotes":"","_members_access_role":[],"_members_access_error":""},"categories":[5],"tags":[],"class_list":["post-71163","post","type-post","status-publish","format-standard","has-post-thumbnail","hentry","category-espectaculo"],"_links":{"self":[{"href":"https:\/\/masquenoticiastucuman.com.ar\/index.php?rest_route=\/wp\/v2\/posts\/71163","targetHints":{"allow":["GET"]}}],"collection":[{"href":"https:\/\/masquenoticiastucuman.com.ar\/index.php?rest_route=\/wp\/v2\/posts"}],"about":[{"href":"https:\/\/masquenoticiastucuman.com.ar\/index.php?rest_route=\/wp\/v2\/types\/post"}],"author":[{"embeddable":true,"href":"https:\/\/masquenoticiastucuman.com.ar\/index.php?rest_route=\/wp\/v2\/users\/1"}],"replies":[{"embeddable":true,"href":"https:\/\/masquenoticiastucuman.com.ar\/index.php?rest_route=%2Fwp%2Fv2%2Fcomments&post=71163"}],"version-history":[{"count":0,"href":"https:\/\/masquenoticiastucuman.com.ar\/index.php?rest_route=\/wp\/v2\/posts\/71163\/revisions"}],"wp:attachment":[{"href":"https:\/\/masquenoticiastucuman.com.ar\/index.php?rest_route=%2Fwp%2Fv2%2Fmedia&parent=71163"}],"wp:term":[{"taxonomy":"category","embeddable":true,"href":"https:\/\/masquenoticiastucuman.com.ar\/index.php?rest_route=%2Fwp%2Fv2%2Fcategories&post=71163"},{"taxonomy":"post_tag","embeddable":true,"href":"https:\/\/masquenoticiastucuman.com.ar\/index.php?rest_route=%2Fwp%2Fv2%2Ftags&post=71163"}],"curies":[{"name":"wp","href":"https:\/\/api.w.org\/{rel}","templated":true}]}}