{"id":71170,"date":"2026-08-31T17:07:23","date_gmt":"2026-08-31T20:07:23","guid":{"rendered":"http:\/\/masquenoticiastucuman.com.ar\/?p=71170"},"modified":"2026-08-31T17:07:23","modified_gmt":"2026-08-31T20:07:23","slug":"con-explosivos-cuerdas-y-contrarreloj-intentan-rescatar-a-mas-de-900-trabajadores-que-estarian-atrapados-en-tuneles-en-nepal","status":"publish","type":"post","link":"https:\/\/masquenoticiastucuman.com.ar\/?p=71170","title":{"rendered":"Con explosivos, cuerdas y contrarreloj, intentan rescatar a m\u00e1s de 900 trabajadores que estar\u00edan atrapados en t\u00faneles en Nepal"},"content":{"rendered":"<ul>\n<li>Se trata de personas que se desempe\u00f1an en  centrales hidroel\u00e9ctricas que operan en el pa\u00eds, afectado por la riada que mat\u00f3 a 939 personas. <\/li>\n<li>A medida que pasan las horas se agota las posibilidades de que a\u00fan tengan ox\u00edgeno. <\/li>\n<\/ul>\n<p>\u200bSe trata de personas que se desempe\u00f1an en  centrales hidroel\u00e9ctricas que operan en el pa\u00eds, afectado por la riada que mat\u00f3 a 939 personas. A medida que pasan las horas se agota las posibilidades de que a\u00fan tengan ox\u00edgeno.\u00a0<a href=\"https:\/\/www.clarin.com\/mundo\/explosivos-cuerdas-contrarreloj-intentan-rescatar-900-trabajadores-atrapados-tuneles-nepal_0_QBVdphjEl1.html\" target=\"_blank\" class=\"feedzy-rss-link-icon\">Read More<\/a><\/p>","protected":false},"excerpt":{"rendered":"<p>Se trata de personas que se desempe\u00f1an en centrales hidroel\u00e9ctricas que operan en el pa\u00eds,&#8230;<\/p>\n","protected":false},"author":1,"featured_media":71171,"comment_status":"open","ping_status":"open","sticky":false,"template":"","format":"standard","meta":{"footnotes":"","_members_access_role":[],"_members_access_error":""},"categories":[4],"tags":[],"class_list":["post-71170","post","type-post","status-publish","format-standard","has-post-thumbnail","hentry","category-internacionales"],"_links":{"self":[{"href":"https:\/\/masquenoticiastucuman.com.ar\/index.php?rest_route=\/wp\/v2\/posts\/71170","targetHints":{"allow":["GET"]}}],"collection":[{"href":"https:\/\/masquenoticiastucuman.com.ar\/index.php?rest_route=\/wp\/v2\/posts"}],"about":[{"href":"https:\/\/masquenoticiastucuman.com.ar\/index.php?rest_route=\/wp\/v2\/types\/post"}],"author":[{"embeddable":true,"href":"https:\/\/masquenoticiastucuman.com.ar\/index.php?rest_route=\/wp\/v2\/users\/1"}],"replies":[{"embeddable":true,"href":"https:\/\/masquenoticiastucuman.com.ar\/index.php?rest_route=%2Fwp%2Fv2%2Fcomments&post=71170"}],"version-history":[{"count":0,"href":"https:\/\/masquenoticiastucuman.com.ar\/index.php?rest_route=\/wp\/v2\/posts\/71170\/revisions"}],"wp:featuredmedia":[{"embeddable":true,"href":"https:\/\/masquenoticiastucuman.com.ar\/index.php?rest_route=\/wp\/v2\/media\/71171"}],"wp:attachment":[{"href":"https:\/\/masquenoticiastucuman.com.ar\/index.php?rest_route=%2Fwp%2Fv2%2Fmedia&parent=71170"}],"wp:term":[{"taxonomy":"category","embeddable":true,"href":"https:\/\/masquenoticiastucuman.com.ar\/index.php?rest_route=%2Fwp%2Fv2%2Fcategories&post=71170"},{"taxonomy":"post_tag","embeddable":true,"href":"https:\/\/masquenoticiastucuman.com.ar\/index.php?rest_route=%2Fwp%2Fv2%2Ftags&post=71170"}],"curies":[{"name":"wp","href":"https:\/\/api.w.org\/{rel}","templated":true}]}}