{"id":71172,"date":"2026-08-31T17:46:20","date_gmt":"2026-08-31T20:46:20","guid":{"rendered":"http:\/\/masquenoticiastucuman.com.ar\/?p=71172"},"modified":"2026-08-31T17:46:20","modified_gmt":"2026-08-31T20:46:20","slug":"el-futuro-de-la-seleccion-argentina-sin-lionel-messi-los-tres-interrogantes-el-asterisco-clave-y-el-impacto-economico","status":"publish","type":"post","link":"https:\/\/masquenoticiastucuman.com.ar\/?p=71172","title":{"rendered":"El futuro de la Selecci\u00f3n Argentina sin Lionel Messi: los tres interrogantes, el asterisco clave y el impacto econ\u00f3mico"},"content":{"rendered":"<ul>\n<li>El anuncio de retiro del capit\u00e1n provoca un golpe que es mucho m\u00e1s que futbol\u00edstico y espiritual en un equipo que se acostumbr\u00f3 a su presencia.<\/li>\n<li>Su frase en el vestuario previo a la final del Mundial 2026 se hizo realidad.<\/li>\n<\/ul>\n<p>\u200bEl anuncio de retiro del capit\u00e1n provoca un golpe que es mucho m\u00e1s que futbol\u00edstico y espiritual en un equipo que se acostumbr\u00f3 a su presencia.Su frase en el vestuario previo a la final del Mundial 2026 se hizo realidad.\u00a0<a href=\"https:\/\/www.clarin.com\/deportes\/futuro-seleccion-argentina-lionel-messi-interrogantes-asterisco-clave-impacto-economico_0_CYaOrzQYRH.html\" target=\"_blank\" class=\"feedzy-rss-link-icon\">Read More<\/a><\/p>","protected":false},"excerpt":{"rendered":"<p>El anuncio de retiro del capit\u00e1n provoca un golpe que es mucho m\u00e1s que futbol\u00edstico&#8230;<\/p>\n","protected":false},"author":1,"featured_media":0,"comment_status":"open","ping_status":"open","sticky":false,"template":"","format":"standard","meta":{"footnotes":"","_members_access_role":[],"_members_access_error":""},"categories":[6],"tags":[],"class_list":["post-71172","post","type-post","status-publish","format-standard","has-post-thumbnail","hentry","category-deportes"],"_links":{"self":[{"href":"https:\/\/masquenoticiastucuman.com.ar\/index.php?rest_route=\/wp\/v2\/posts\/71172","targetHints":{"allow":["GET"]}}],"collection":[{"href":"https:\/\/masquenoticiastucuman.com.ar\/index.php?rest_route=\/wp\/v2\/posts"}],"about":[{"href":"https:\/\/masquenoticiastucuman.com.ar\/index.php?rest_route=\/wp\/v2\/types\/post"}],"author":[{"embeddable":true,"href":"https:\/\/masquenoticiastucuman.com.ar\/index.php?rest_route=\/wp\/v2\/users\/1"}],"replies":[{"embeddable":true,"href":"https:\/\/masquenoticiastucuman.com.ar\/index.php?rest_route=%2Fwp%2Fv2%2Fcomments&post=71172"}],"version-history":[{"count":0,"href":"https:\/\/masquenoticiastucuman.com.ar\/index.php?rest_route=\/wp\/v2\/posts\/71172\/revisions"}],"wp:attachment":[{"href":"https:\/\/masquenoticiastucuman.com.ar\/index.php?rest_route=%2Fwp%2Fv2%2Fmedia&parent=71172"}],"wp:term":[{"taxonomy":"category","embeddable":true,"href":"https:\/\/masquenoticiastucuman.com.ar\/index.php?rest_route=%2Fwp%2Fv2%2Fcategories&post=71172"},{"taxonomy":"post_tag","embeddable":true,"href":"https:\/\/masquenoticiastucuman.com.ar\/index.php?rest_route=%2Fwp%2Fv2%2Ftags&post=71172"}],"curies":[{"name":"wp","href":"https:\/\/api.w.org\/{rel}","templated":true}]}}