{"id":71174,"date":"2026-08-31T18:34:00","date_gmt":"2026-08-31T21:34:00","guid":{"rendered":"http:\/\/masquenoticiastucuman.com.ar\/?p=71174"},"modified":"2026-08-31T18:34:00","modified_gmt":"2026-08-31T21:34:00","slug":"tim-cook-se-despidio-como-ceo-de-apple-con-una-emotiva-carta-y-lleno-de-elogios-a-su-sucesor","status":"publish","type":"post","link":"https:\/\/masquenoticiastucuman.com.ar\/?p=71174","title":{"rendered":"Tim Cook se despidi\u00f3 como CEO de Apple con una emotiva carta y llen\u00f3 de elogios a su sucesor"},"content":{"rendered":"<p>El hist\u00f3rico cambio en Apple reactiva la expectativa sobre los pr\u00f3ximos lanzamientos y deja interrogantes sobre el rumbo de la compa\u00f1\u00eda<\/p>\n<p>                                                                <!-- Begin comScore Tag --><\/p>\n<p>                                    <img decoding=\"async\" src=\"https:\/\/sb.scorecardresearch.com\/p?c1=2&amp;c2=16597048&amp;cv=3.6.0&amp;cj=1\" \/><\/p>\n<p>                                <!-- End comScore Tag --><\/p>\n<p>                            \u200bEl hist\u00f3rico cambio en Apple reactiva la expectativa sobre los pr\u00f3ximos lanzamientos y deja interrogantes sobre el rumbo de la compa\u00f1\u00eda\u00a0<a href=\"https:\/\/www.iprofesional.com\/tecnologia\/463436-tim-cook-deja-apple-genera-expectativa-rumbo-empresa-salida\" target=\"_blank\" class=\"feedzy-rss-link-icon\">Read More<\/a><\/p>","protected":false},"excerpt":{"rendered":"<p>El hist\u00f3rico cambio en Apple reactiva la expectativa sobre los pr\u00f3ximos lanzamientos y deja interrogantes&#8230;<\/p>\n","protected":false},"author":1,"featured_media":0,"comment_status":"open","ping_status":"open","sticky":false,"template":"","format":"standard","meta":{"footnotes":"","_members_access_role":[],"_members_access_error":""},"categories":[8],"tags":[],"class_list":["post-71174","post","type-post","status-publish","format-standard","has-post-thumbnail","hentry","category-tecnologia"],"_links":{"self":[{"href":"https:\/\/masquenoticiastucuman.com.ar\/index.php?rest_route=\/wp\/v2\/posts\/71174","targetHints":{"allow":["GET"]}}],"collection":[{"href":"https:\/\/masquenoticiastucuman.com.ar\/index.php?rest_route=\/wp\/v2\/posts"}],"about":[{"href":"https:\/\/masquenoticiastucuman.com.ar\/index.php?rest_route=\/wp\/v2\/types\/post"}],"author":[{"embeddable":true,"href":"https:\/\/masquenoticiastucuman.com.ar\/index.php?rest_route=\/wp\/v2\/users\/1"}],"replies":[{"embeddable":true,"href":"https:\/\/masquenoticiastucuman.com.ar\/index.php?rest_route=%2Fwp%2Fv2%2Fcomments&post=71174"}],"version-history":[{"count":0,"href":"https:\/\/masquenoticiastucuman.com.ar\/index.php?rest_route=\/wp\/v2\/posts\/71174\/revisions"}],"wp:attachment":[{"href":"https:\/\/masquenoticiastucuman.com.ar\/index.php?rest_route=%2Fwp%2Fv2%2Fmedia&parent=71174"}],"wp:term":[{"taxonomy":"category","embeddable":true,"href":"https:\/\/masquenoticiastucuman.com.ar\/index.php?rest_route=%2Fwp%2Fv2%2Fcategories&post=71174"},{"taxonomy":"post_tag","embeddable":true,"href":"https:\/\/masquenoticiastucuman.com.ar\/index.php?rest_route=%2Fwp%2Fv2%2Ftags&post=71174"}],"curies":[{"name":"wp","href":"https:\/\/api.w.org\/{rel}","templated":true}]}}