{"id":71175,"date":"2026-08-31T20:53:15","date_gmt":"2026-08-31T23:53:15","guid":{"rendered":"http:\/\/masquenoticiastucuman.com.ar\/?p=71175"},"modified":"2026-08-31T20:53:15","modified_gmt":"2026-08-31T23:53:15","slug":"el-huracan-karina-subio-a-categoria-4-en-el-pacifico-y-la-tormenta-tropical-lowell-amenaza-hawai","status":"publish","type":"post","link":"https:\/\/masquenoticiastucuman.com.ar\/?p=71175","title":{"rendered":"El hurac\u00e1n Karina subi\u00f3 a categor\u00eda 4 en el Pac\u00edfico y la tormenta tropical Lowell amenaza Hawai"},"content":{"rendered":"<ul>\n<li>Se ha intensificado r\u00e1pidamente desde que se convirti\u00f3 en hurac\u00e1n el domingo, pero se mantiene lejos de tierra.<\/li>\n<li>Pero hay temor por Lowell, que podr\u00eda convertirse en hurac\u00e1n en las pr\u00f3ximas horas.<\/li>\n<\/ul>\n<p>\u200bSe ha intensificado r\u00e1pidamente desde que se convirti\u00f3 en hurac\u00e1n el domingo, pero se mantiene lejos de tierra.Pero hay temor por Lowell, que podr\u00eda convertirse en hurac\u00e1n en las pr\u00f3ximas horas.\u00a0<a href=\"https:\/\/www.clarin.com\/mundo\/huracan-karina-subio-categoria-4-pacifico-tormenta-tropical-lowell-amenaza-hawai_0_uUQmtEFQRV.html\" target=\"_blank\" class=\"feedzy-rss-link-icon\">Read More<\/a><\/p>","protected":false},"excerpt":{"rendered":"<p>Se ha intensificado r\u00e1pidamente desde que se convirti\u00f3 en hurac\u00e1n el domingo, pero se mantiene&#8230;<\/p>\n","protected":false},"author":1,"featured_media":71176,"comment_status":"open","ping_status":"open","sticky":false,"template":"","format":"standard","meta":{"footnotes":"","_members_access_role":[],"_members_access_error":""},"categories":[4],"tags":[],"class_list":["post-71175","post","type-post","status-publish","format-standard","has-post-thumbnail","hentry","category-internacionales"],"_links":{"self":[{"href":"https:\/\/masquenoticiastucuman.com.ar\/index.php?rest_route=\/wp\/v2\/posts\/71175","targetHints":{"allow":["GET"]}}],"collection":[{"href":"https:\/\/masquenoticiastucuman.com.ar\/index.php?rest_route=\/wp\/v2\/posts"}],"about":[{"href":"https:\/\/masquenoticiastucuman.com.ar\/index.php?rest_route=\/wp\/v2\/types\/post"}],"author":[{"embeddable":true,"href":"https:\/\/masquenoticiastucuman.com.ar\/index.php?rest_route=\/wp\/v2\/users\/1"}],"replies":[{"embeddable":true,"href":"https:\/\/masquenoticiastucuman.com.ar\/index.php?rest_route=%2Fwp%2Fv2%2Fcomments&post=71175"}],"version-history":[{"count":0,"href":"https:\/\/masquenoticiastucuman.com.ar\/index.php?rest_route=\/wp\/v2\/posts\/71175\/revisions"}],"wp:featuredmedia":[{"embeddable":true,"href":"https:\/\/masquenoticiastucuman.com.ar\/index.php?rest_route=\/wp\/v2\/media\/71176"}],"wp:attachment":[{"href":"https:\/\/masquenoticiastucuman.com.ar\/index.php?rest_route=%2Fwp%2Fv2%2Fmedia&parent=71175"}],"wp:term":[{"taxonomy":"category","embeddable":true,"href":"https:\/\/masquenoticiastucuman.com.ar\/index.php?rest_route=%2Fwp%2Fv2%2Fcategories&post=71175"},{"taxonomy":"post_tag","embeddable":true,"href":"https:\/\/masquenoticiastucuman.com.ar\/index.php?rest_route=%2Fwp%2Fv2%2Ftags&post=71175"}],"curies":[{"name":"wp","href":"https:\/\/api.w.org\/{rel}","templated":true}]}}