{"id":71177,"date":"2026-08-31T19:29:35","date_gmt":"2026-08-31T22:29:35","guid":{"rendered":"http:\/\/masquenoticiastucuman.com.ar\/?p=71177"},"modified":"2026-08-31T19:29:35","modified_gmt":"2026-08-31T22:29:35","slug":"noruega-autorizo-al-hijo-de-la-reina-condenado-por-violacion-a-acudir-al-funeral-de-harald-v-y-llevar-el-feretro-junto-al-flamante-rey","status":"publish","type":"post","link":"https:\/\/masquenoticiastucuman.com.ar\/?p=71177","title":{"rendered":"Noruega autoriz\u00f3 al hijo de la reina, condenado por violaci\u00f3n, a acudir al funeral de Harald V y llevar el f\u00e9retro junto al flamante rey"},"content":{"rendered":"<ul>\n<li>Marius Borg H\u00f8iby, hijo de una anterior pareja de la monarca, fue condenado a cuatro a\u00f1os de prisi\u00f3n por dos violaciones y otros 32 cargos. <\/li>\n<li>El joven cumple prisi\u00f3n domiciliaria en el palacio. <\/li>\n<\/ul>\n<p>\u200bMarius Borg H\u00f8iby, hijo de una anterior pareja de la monarca, fue condenado a cuatro a\u00f1os de prisi\u00f3n por dos violaciones y otros 32 cargos. El joven cumple prisi\u00f3n domiciliaria en el palacio.\u00a0<a href=\"https:\/\/www.clarin.com\/mundo\/noruega-autorizo-hijo-reina-condenado-violacion-acudir-funeral-harald-v-llevar-feretro-junto-flamante-rey_0_EEYJtAkm98.html\" target=\"_blank\" class=\"feedzy-rss-link-icon\">Read More<\/a><\/p>","protected":false},"excerpt":{"rendered":"<p>Marius Borg H\u00f8iby, hijo de una anterior pareja de la monarca, fue condenado a cuatro&#8230;<\/p>\n","protected":false},"author":1,"featured_media":71178,"comment_status":"open","ping_status":"open","sticky":false,"template":"","format":"standard","meta":{"footnotes":"","_members_access_role":[],"_members_access_error":""},"categories":[4],"tags":[],"class_list":["post-71177","post","type-post","status-publish","format-standard","has-post-thumbnail","hentry","category-internacionales"],"_links":{"self":[{"href":"https:\/\/masquenoticiastucuman.com.ar\/index.php?rest_route=\/wp\/v2\/posts\/71177","targetHints":{"allow":["GET"]}}],"collection":[{"href":"https:\/\/masquenoticiastucuman.com.ar\/index.php?rest_route=\/wp\/v2\/posts"}],"about":[{"href":"https:\/\/masquenoticiastucuman.com.ar\/index.php?rest_route=\/wp\/v2\/types\/post"}],"author":[{"embeddable":true,"href":"https:\/\/masquenoticiastucuman.com.ar\/index.php?rest_route=\/wp\/v2\/users\/1"}],"replies":[{"embeddable":true,"href":"https:\/\/masquenoticiastucuman.com.ar\/index.php?rest_route=%2Fwp%2Fv2%2Fcomments&post=71177"}],"version-history":[{"count":0,"href":"https:\/\/masquenoticiastucuman.com.ar\/index.php?rest_route=\/wp\/v2\/posts\/71177\/revisions"}],"wp:featuredmedia":[{"embeddable":true,"href":"https:\/\/masquenoticiastucuman.com.ar\/index.php?rest_route=\/wp\/v2\/media\/71178"}],"wp:attachment":[{"href":"https:\/\/masquenoticiastucuman.com.ar\/index.php?rest_route=%2Fwp%2Fv2%2Fmedia&parent=71177"}],"wp:term":[{"taxonomy":"category","embeddable":true,"href":"https:\/\/masquenoticiastucuman.com.ar\/index.php?rest_route=%2Fwp%2Fv2%2Fcategories&post=71177"},{"taxonomy":"post_tag","embeddable":true,"href":"https:\/\/masquenoticiastucuman.com.ar\/index.php?rest_route=%2Fwp%2Fv2%2Ftags&post=71177"}],"curies":[{"name":"wp","href":"https:\/\/api.w.org\/{rel}","templated":true}]}}