{"id":71180,"date":"2026-08-31T18:53:09","date_gmt":"2026-08-31T21:53:09","guid":{"rendered":"http:\/\/masquenoticiastucuman.com.ar\/?p=71180"},"modified":"2026-08-31T18:53:09","modified_gmt":"2026-08-31T21:53:09","slug":"la-salida-de-freitas-no-fue-el-ultimo-movimiento-en-el-mercado-de-river-gasto-67-millones-y-va-por-un-central-mas","status":"publish","type":"post","link":"https:\/\/masquenoticiastucuman.com.ar\/?p=71180","title":{"rendered":"La salida de Freitas no fue el \u00faltimo movimiento en el mercado de River: gast\u00f3 67 millones y va por un central m\u00e1s"},"content":{"rendered":"<ul>\n<li>Con la salida del pibe Freitas a Flamengo m\u00e1s Facundo Colidio, Kevin Casta\u00f1o y Andr\u00e9s Herrera, el Millonario sum\u00f3 cerca de 25 millones de d\u00f3lares.<\/li>\n<li>A pesar de seguir en una sola competencia y del movido mercado, la dirigencia quiere un jugador m\u00e1s. Los nombres.<\/li>\n<\/ul>\n<p>\u200bCon la salida del pibe Freitas a Flamengo m\u00e1s Facundo Colidio, Kevin Casta\u00f1o y Andr\u00e9s Herrera, el Millonario sum\u00f3 cerca de 25 millones de d\u00f3lares.A pesar de seguir en una sola competencia y del movido mercado, la dirigencia quiere un jugador m\u00e1s. Los nombres.\u00a0<a href=\"https:\/\/www.clarin.com\/deportes\/salida-freitas-ultimo-movimiento-mercado-river-gasto-67-millones-va-central_0_y3Ly6kJ2yA.html\" target=\"_blank\" class=\"feedzy-rss-link-icon\">Read More<\/a><\/p>","protected":false},"excerpt":{"rendered":"<p>Con la salida del pibe Freitas a Flamengo m\u00e1s Facundo Colidio, Kevin Casta\u00f1o y Andr\u00e9s&#8230;<\/p>\n","protected":false},"author":1,"featured_media":0,"comment_status":"open","ping_status":"open","sticky":false,"template":"","format":"standard","meta":{"footnotes":"","_members_access_role":[],"_members_access_error":""},"categories":[6],"tags":[],"class_list":["post-71180","post","type-post","status-publish","format-standard","has-post-thumbnail","hentry","category-deportes"],"_links":{"self":[{"href":"https:\/\/masquenoticiastucuman.com.ar\/index.php?rest_route=\/wp\/v2\/posts\/71180","targetHints":{"allow":["GET"]}}],"collection":[{"href":"https:\/\/masquenoticiastucuman.com.ar\/index.php?rest_route=\/wp\/v2\/posts"}],"about":[{"href":"https:\/\/masquenoticiastucuman.com.ar\/index.php?rest_route=\/wp\/v2\/types\/post"}],"author":[{"embeddable":true,"href":"https:\/\/masquenoticiastucuman.com.ar\/index.php?rest_route=\/wp\/v2\/users\/1"}],"replies":[{"embeddable":true,"href":"https:\/\/masquenoticiastucuman.com.ar\/index.php?rest_route=%2Fwp%2Fv2%2Fcomments&post=71180"}],"version-history":[{"count":0,"href":"https:\/\/masquenoticiastucuman.com.ar\/index.php?rest_route=\/wp\/v2\/posts\/71180\/revisions"}],"wp:attachment":[{"href":"https:\/\/masquenoticiastucuman.com.ar\/index.php?rest_route=%2Fwp%2Fv2%2Fmedia&parent=71180"}],"wp:term":[{"taxonomy":"category","embeddable":true,"href":"https:\/\/masquenoticiastucuman.com.ar\/index.php?rest_route=%2Fwp%2Fv2%2Fcategories&post=71180"},{"taxonomy":"post_tag","embeddable":true,"href":"https:\/\/masquenoticiastucuman.com.ar\/index.php?rest_route=%2Fwp%2Fv2%2Ftags&post=71180"}],"curies":[{"name":"wp","href":"https:\/\/api.w.org\/{rel}","templated":true}]}}