{"id":71181,"date":"2026-08-31T23:13:06","date_gmt":"2026-09-01T02:13:06","guid":{"rendered":"http:\/\/masquenoticiastucuman.com.ar\/?p=71181"},"modified":"2026-08-31T23:13:06","modified_gmt":"2026-09-01T02:13:06","slug":"la-seleccion-argentina-de-basquet-no-pudo-con-la-poderosa-canada-por-las-eliminatorias-al-mundial-de-qatar-2027","status":"publish","type":"post","link":"https:\/\/masquenoticiastucuman.com.ar\/?p=71181","title":{"rendered":"La Selecci\u00f3n Argentina de B\u00e1squet no pudo con la poderosa Canad\u00e1 por las Eliminatorias al Mundial de Qatar 2027"},"content":{"rendered":"<ul>\n<li>El equipo de Prigioni no pudo de visitante y perdi\u00f3 97-92 en Qu\u00e9bec.<\/li>\n<li>El triunfo de Uruguay ante Puerto Rico por 80-75 dej\u00f3 tercera a Argentina en el Grupo F de las Eliminatorias.<\/li>\n<\/ul>\n<p>\u200bEl equipo de Prigioni no pudo de visitante y perdi\u00f3 97-92 en Qu\u00e9bec.El triunfo de Uruguay ante Puerto Rico por 80-75 dej\u00f3 tercera a Argentina en el Grupo F de las Eliminatorias.\u00a0<a href=\"https:\/\/www.clarin.com\/deportes\/seleccion-argentina-basquet-pudo-poderosa-canada-eliminatorias-mundial-qatar-2027_0_Lzbdrvoql2.html\" target=\"_blank\" class=\"feedzy-rss-link-icon\">Read More<\/a><\/p>","protected":false},"excerpt":{"rendered":"<p>El equipo de Prigioni no pudo de visitante y perdi\u00f3 97-92 en Qu\u00e9bec. El triunfo&#8230;<\/p>\n","protected":false},"author":1,"featured_media":0,"comment_status":"open","ping_status":"open","sticky":false,"template":"","format":"standard","meta":{"footnotes":"","_members_access_role":[],"_members_access_error":""},"categories":[6],"tags":[],"class_list":["post-71181","post","type-post","status-publish","format-standard","has-post-thumbnail","hentry","category-deportes"],"_links":{"self":[{"href":"https:\/\/masquenoticiastucuman.com.ar\/index.php?rest_route=\/wp\/v2\/posts\/71181","targetHints":{"allow":["GET"]}}],"collection":[{"href":"https:\/\/masquenoticiastucuman.com.ar\/index.php?rest_route=\/wp\/v2\/posts"}],"about":[{"href":"https:\/\/masquenoticiastucuman.com.ar\/index.php?rest_route=\/wp\/v2\/types\/post"}],"author":[{"embeddable":true,"href":"https:\/\/masquenoticiastucuman.com.ar\/index.php?rest_route=\/wp\/v2\/users\/1"}],"replies":[{"embeddable":true,"href":"https:\/\/masquenoticiastucuman.com.ar\/index.php?rest_route=%2Fwp%2Fv2%2Fcomments&post=71181"}],"version-history":[{"count":0,"href":"https:\/\/masquenoticiastucuman.com.ar\/index.php?rest_route=\/wp\/v2\/posts\/71181\/revisions"}],"wp:attachment":[{"href":"https:\/\/masquenoticiastucuman.com.ar\/index.php?rest_route=%2Fwp%2Fv2%2Fmedia&parent=71181"}],"wp:term":[{"taxonomy":"category","embeddable":true,"href":"https:\/\/masquenoticiastucuman.com.ar\/index.php?rest_route=%2Fwp%2Fv2%2Fcategories&post=71181"},{"taxonomy":"post_tag","embeddable":true,"href":"https:\/\/masquenoticiastucuman.com.ar\/index.php?rest_route=%2Fwp%2Fv2%2Ftags&post=71181"}],"curies":[{"name":"wp","href":"https:\/\/api.w.org\/{rel}","templated":true}]}}