{"id":71183,"date":"2026-09-01T02:40:29","date_gmt":"2026-09-01T05:40:29","guid":{"rendered":"http:\/\/masquenoticiastucuman.com.ar\/?p=71183"},"modified":"2026-09-01T02:40:29","modified_gmt":"2026-09-01T05:40:29","slug":"ataque-en-times-square-armada-con-dos-cuchillos-mato-a-una-persona-hirio-a-otra-y-fue-abatida-por-la-policia","status":"publish","type":"post","link":"https:\/\/masquenoticiastucuman.com.ar\/?p=71183","title":{"rendered":"Ataque en Times Square: armada con dos cuchillos, mat\u00f3 a una persona, hiri\u00f3 a otra y fue abatida por la Polic\u00eda"},"content":{"rendered":"<ul>\n<li>Las autoridades identificaron a la sospechosa como una mujer de 49 a\u00f1os con antecedentes de problemas de salud mental en Nueva York. <\/li>\n<li>Los agentes intentaron reducirla durante varios minutos con \u00f3rdenes verbales y una pistola el\u00e9ctrica, antes de abrir fuego.<\/li>\n<\/ul>\n<p>\u200bLas autoridades identificaron a la sospechosa como una mujer de 49 a\u00f1os con antecedentes de problemas de salud mental en Nueva York. Los agentes intentaron reducirla durante varios minutos con \u00f3rdenes verbales y una pistola el\u00e9ctrica, antes de abrir fuego.\u00a0<a href=\"https:\/\/www.clarin.com\/mundo\/ataque-times-square-armada-cuchillos-mato-persona-hirio-abatida-policia_0_huRThujUB6.html\" target=\"_blank\" class=\"feedzy-rss-link-icon\">Read More<\/a><\/p>","protected":false},"excerpt":{"rendered":"<p>Las autoridades identificaron a la sospechosa como una mujer de 49 a\u00f1os con antecedentes de&#8230;<\/p>\n","protected":false},"author":1,"featured_media":71184,"comment_status":"open","ping_status":"open","sticky":false,"template":"","format":"standard","meta":{"footnotes":"","_members_access_role":[],"_members_access_error":""},"categories":[4],"tags":[],"class_list":["post-71183","post","type-post","status-publish","format-standard","has-post-thumbnail","hentry","category-internacionales"],"_links":{"self":[{"href":"https:\/\/masquenoticiastucuman.com.ar\/index.php?rest_route=\/wp\/v2\/posts\/71183","targetHints":{"allow":["GET"]}}],"collection":[{"href":"https:\/\/masquenoticiastucuman.com.ar\/index.php?rest_route=\/wp\/v2\/posts"}],"about":[{"href":"https:\/\/masquenoticiastucuman.com.ar\/index.php?rest_route=\/wp\/v2\/types\/post"}],"author":[{"embeddable":true,"href":"https:\/\/masquenoticiastucuman.com.ar\/index.php?rest_route=\/wp\/v2\/users\/1"}],"replies":[{"embeddable":true,"href":"https:\/\/masquenoticiastucuman.com.ar\/index.php?rest_route=%2Fwp%2Fv2%2Fcomments&post=71183"}],"version-history":[{"count":0,"href":"https:\/\/masquenoticiastucuman.com.ar\/index.php?rest_route=\/wp\/v2\/posts\/71183\/revisions"}],"wp:featuredmedia":[{"embeddable":true,"href":"https:\/\/masquenoticiastucuman.com.ar\/index.php?rest_route=\/wp\/v2\/media\/71184"}],"wp:attachment":[{"href":"https:\/\/masquenoticiastucuman.com.ar\/index.php?rest_route=%2Fwp%2Fv2%2Fmedia&parent=71183"}],"wp:term":[{"taxonomy":"category","embeddable":true,"href":"https:\/\/masquenoticiastucuman.com.ar\/index.php?rest_route=%2Fwp%2Fv2%2Fcategories&post=71183"},{"taxonomy":"post_tag","embeddable":true,"href":"https:\/\/masquenoticiastucuman.com.ar\/index.php?rest_route=%2Fwp%2Fv2%2Ftags&post=71183"}],"curies":[{"name":"wp","href":"https:\/\/api.w.org\/{rel}","templated":true}]}}