{"id":71185,"date":"2026-09-01T05:35:14","date_gmt":"2026-09-01T08:35:14","guid":{"rendered":"http:\/\/masquenoticiastucuman.com.ar\/?p=71185"},"modified":"2026-09-01T05:35:14","modified_gmt":"2026-09-01T08:35:14","slug":"la-increible-historia-de-thea-frodin-de-actuar-con-will-smith-como-doble-de-serena-williams-a-debutar-en-el-us-open","status":"publish","type":"post","link":"https:\/\/masquenoticiastucuman.com.ar\/?p=71185","title":{"rendered":"La incre\u00edble historia de Thea Frodin: de actuar con Will Smith como &#8220;doble de Serena Williams&#8221; a debutar en el US Open"},"content":{"rendered":"<ul>\n<li>En 2021, la joven de 17 a\u00f1os particip\u00f3 de King Richard, la pel\u00edcula que narra la historia de la familia Williams.<\/li>\n<li>Este martes har\u00e1 su debut absoluto en el Abierto de Nueva York ante la kazaja Elena Rybakina.<\/li>\n<\/ul>\n<p>\u200bEn 2021, la joven de 17 a\u00f1os particip\u00f3 de King Richard, la pel\u00edcula que narra la historia de la familia Williams.Este martes har\u00e1 su debut absoluto en el Abierto de Nueva York ante la kazaja Elena Rybakina.\u00a0<a href=\"https:\/\/www.clarin.com\/deportes\/increible-historia-thea-frodin-actuar-will-smith-doble-serena-williams-debutar-us-open_0_QutAnMr8HQ.html\" target=\"_blank\" class=\"feedzy-rss-link-icon\">Read More<\/a><\/p>","protected":false},"excerpt":{"rendered":"<p>En 2021, la joven de 17 a\u00f1os particip\u00f3 de King Richard, la pel\u00edcula que narra&#8230;<\/p>\n","protected":false},"author":1,"featured_media":0,"comment_status":"open","ping_status":"open","sticky":false,"template":"","format":"standard","meta":{"footnotes":"","_members_access_role":[],"_members_access_error":""},"categories":[6],"tags":[],"class_list":["post-71185","post","type-post","status-publish","format-standard","has-post-thumbnail","hentry","category-deportes"],"_links":{"self":[{"href":"https:\/\/masquenoticiastucuman.com.ar\/index.php?rest_route=\/wp\/v2\/posts\/71185","targetHints":{"allow":["GET"]}}],"collection":[{"href":"https:\/\/masquenoticiastucuman.com.ar\/index.php?rest_route=\/wp\/v2\/posts"}],"about":[{"href":"https:\/\/masquenoticiastucuman.com.ar\/index.php?rest_route=\/wp\/v2\/types\/post"}],"author":[{"embeddable":true,"href":"https:\/\/masquenoticiastucuman.com.ar\/index.php?rest_route=\/wp\/v2\/users\/1"}],"replies":[{"embeddable":true,"href":"https:\/\/masquenoticiastucuman.com.ar\/index.php?rest_route=%2Fwp%2Fv2%2Fcomments&post=71185"}],"version-history":[{"count":0,"href":"https:\/\/masquenoticiastucuman.com.ar\/index.php?rest_route=\/wp\/v2\/posts\/71185\/revisions"}],"wp:attachment":[{"href":"https:\/\/masquenoticiastucuman.com.ar\/index.php?rest_route=%2Fwp%2Fv2%2Fmedia&parent=71185"}],"wp:term":[{"taxonomy":"category","embeddable":true,"href":"https:\/\/masquenoticiastucuman.com.ar\/index.php?rest_route=%2Fwp%2Fv2%2Fcategories&post=71185"},{"taxonomy":"post_tag","embeddable":true,"href":"https:\/\/masquenoticiastucuman.com.ar\/index.php?rest_route=%2Fwp%2Fv2%2Ftags&post=71185"}],"curies":[{"name":"wp","href":"https:\/\/api.w.org\/{rel}","templated":true}]}}