{"id":71186,"date":"2026-09-01T05:33:14","date_gmt":"2026-09-01T08:33:14","guid":{"rendered":"http:\/\/masquenoticiastucuman.com.ar\/?p=71186"},"modified":"2026-09-01T05:33:14","modified_gmt":"2026-09-01T08:33:14","slug":"el-increible-caso-de-lionel-messi-el-futbolista-que-a-los-39-anos-sigue-siendo-un-pibito-y-jugando-a-la-pelota-como-nadie","status":"publish","type":"post","link":"https:\/\/masquenoticiastucuman.com.ar\/?p=71186","title":{"rendered":"El incre\u00edble caso de Lionel Messi: el futbolista que a los 39 a\u00f1os sigue siendo un pibito y jugando a la pelota como nadie"},"content":{"rendered":"<ul>\n<li>Este lunes, le dijo adi\u00f3s a la Selecci\u00f3n y, a partir de ahora, el f\u00fatbol ser\u00e1 peor.<\/li>\n<li>En estos veinte a\u00f1os, pas\u00f3 de gambeteador serial a pensante. <\/li>\n<li>Dos d\u00edas antes de despedirse de la Scaloneta hizo cuatro goles y meti\u00f3 una asistencia.<\/li>\n<\/ul>\n<p>\u200bEste lunes, le dijo adi\u00f3s a la Selecci\u00f3n y, a partir de ahora, el f\u00fatbol ser\u00e1 peor.En estos veinte a\u00f1os, pas\u00f3 de gambeteador serial a pensante. Dos d\u00edas antes de despedirse de la Scaloneta hizo cuatro goles y meti\u00f3 una asistencia.\u00a0<a href=\"https:\/\/www.clarin.com\/deportes\/increible-caso-lionel-messi-futbolista-39-anos-sigue-pibito-jugando-pelota-nadie_0_t8eUrPpOjd.html\" target=\"_blank\" class=\"feedzy-rss-link-icon\">Read More<\/a><\/p>","protected":false},"excerpt":{"rendered":"<p>Este lunes, le dijo adi\u00f3s a la Selecci\u00f3n y, a partir de ahora, el f\u00fatbol&#8230;<\/p>\n","protected":false},"author":1,"featured_media":0,"comment_status":"open","ping_status":"open","sticky":false,"template":"","format":"standard","meta":{"footnotes":"","_members_access_role":[],"_members_access_error":""},"categories":[6],"tags":[],"class_list":["post-71186","post","type-post","status-publish","format-standard","has-post-thumbnail","hentry","category-deportes"],"_links":{"self":[{"href":"https:\/\/masquenoticiastucuman.com.ar\/index.php?rest_route=\/wp\/v2\/posts\/71186","targetHints":{"allow":["GET"]}}],"collection":[{"href":"https:\/\/masquenoticiastucuman.com.ar\/index.php?rest_route=\/wp\/v2\/posts"}],"about":[{"href":"https:\/\/masquenoticiastucuman.com.ar\/index.php?rest_route=\/wp\/v2\/types\/post"}],"author":[{"embeddable":true,"href":"https:\/\/masquenoticiastucuman.com.ar\/index.php?rest_route=\/wp\/v2\/users\/1"}],"replies":[{"embeddable":true,"href":"https:\/\/masquenoticiastucuman.com.ar\/index.php?rest_route=%2Fwp%2Fv2%2Fcomments&post=71186"}],"version-history":[{"count":0,"href":"https:\/\/masquenoticiastucuman.com.ar\/index.php?rest_route=\/wp\/v2\/posts\/71186\/revisions"}],"wp:attachment":[{"href":"https:\/\/masquenoticiastucuman.com.ar\/index.php?rest_route=%2Fwp%2Fv2%2Fmedia&parent=71186"}],"wp:term":[{"taxonomy":"category","embeddable":true,"href":"https:\/\/masquenoticiastucuman.com.ar\/index.php?rest_route=%2Fwp%2Fv2%2Fcategories&post=71186"},{"taxonomy":"post_tag","embeddable":true,"href":"https:\/\/masquenoticiastucuman.com.ar\/index.php?rest_route=%2Fwp%2Fv2%2Ftags&post=71186"}],"curies":[{"name":"wp","href":"https:\/\/api.w.org\/{rel}","templated":true}]}}