{"id":71187,"date":"2026-09-01T06:11:17","date_gmt":"2026-09-01T09:11:17","guid":{"rendered":"http:\/\/masquenoticiastucuman.com.ar\/?p=71187"},"modified":"2026-09-01T06:11:17","modified_gmt":"2026-09-01T09:11:17","slug":"que-cupos-de-exportacion-a-la-union-europea-captura-la-argentina","status":"publish","type":"post","link":"https:\/\/masquenoticiastucuman.com.ar\/?p=71187","title":{"rendered":"Qu\u00e9 cupos de exportaci\u00f3n a la Uni\u00f3n Europea captura la Argentina"},"content":{"rendered":"<ul>\n<li>A tres meses de la entrada en vigencia del Acuerdo entre el Mercosur y la UE, las exportaciones argentinas muestran una recuperaci\u00f3n significativa. <\/li>\n<li>En algunos rubros agroindustriales, Argentina est\u00e1 ocupando r\u00e1pidamente los espacios disponibles.<\/li>\n<\/ul>\n<p>\u200bA tres meses de la entrada en vigencia del Acuerdo entre el Mercosur y la UE, las exportaciones argentinas muestran una recuperaci\u00f3n significativa. En algunos rubros agroindustriales, Argentina est\u00e1 ocupando r\u00e1pidamente los espacios disponibles.\u00a0<a href=\"https:\/\/www.clarin.com\/rural\/cupos-exportacion-union-europea-captura-argentina_0_7yVtMnUEoM.html\" target=\"_blank\" class=\"feedzy-rss-link-icon\">Read More<\/a><\/p>","protected":false},"excerpt":{"rendered":"<p>A tres meses de la entrada en vigencia del Acuerdo entre el Mercosur y la&#8230;<\/p>\n","protected":false},"author":1,"featured_media":0,"comment_status":"open","ping_status":"open","sticky":false,"template":"","format":"standard","meta":{"footnotes":"","_members_access_role":[],"_members_access_error":""},"categories":[3],"tags":[],"class_list":["post-71187","post","type-post","status-publish","format-standard","has-post-thumbnail","hentry","category-nacionales"],"_links":{"self":[{"href":"https:\/\/masquenoticiastucuman.com.ar\/index.php?rest_route=\/wp\/v2\/posts\/71187","targetHints":{"allow":["GET"]}}],"collection":[{"href":"https:\/\/masquenoticiastucuman.com.ar\/index.php?rest_route=\/wp\/v2\/posts"}],"about":[{"href":"https:\/\/masquenoticiastucuman.com.ar\/index.php?rest_route=\/wp\/v2\/types\/post"}],"author":[{"embeddable":true,"href":"https:\/\/masquenoticiastucuman.com.ar\/index.php?rest_route=\/wp\/v2\/users\/1"}],"replies":[{"embeddable":true,"href":"https:\/\/masquenoticiastucuman.com.ar\/index.php?rest_route=%2Fwp%2Fv2%2Fcomments&post=71187"}],"version-history":[{"count":0,"href":"https:\/\/masquenoticiastucuman.com.ar\/index.php?rest_route=\/wp\/v2\/posts\/71187\/revisions"}],"wp:attachment":[{"href":"https:\/\/masquenoticiastucuman.com.ar\/index.php?rest_route=%2Fwp%2Fv2%2Fmedia&parent=71187"}],"wp:term":[{"taxonomy":"category","embeddable":true,"href":"https:\/\/masquenoticiastucuman.com.ar\/index.php?rest_route=%2Fwp%2Fv2%2Fcategories&post=71187"},{"taxonomy":"post_tag","embeddable":true,"href":"https:\/\/masquenoticiastucuman.com.ar\/index.php?rest_route=%2Fwp%2Fv2%2Ftags&post=71187"}],"curies":[{"name":"wp","href":"https:\/\/api.w.org\/{rel}","templated":true}]}}