{"id":71188,"date":"2026-09-01T06:01:18","date_gmt":"2026-09-01T09:01:18","guid":{"rendered":"http:\/\/masquenoticiastucuman.com.ar\/?p=71188"},"modified":"2026-09-01T06:01:18","modified_gmt":"2026-09-01T09:01:18","slug":"no-hay-inversion-sin-reglas-claras-el-iaef-reune-a-ministros-gobernadores-y-empresas-en-iguazu","status":"publish","type":"post","link":"https:\/\/masquenoticiastucuman.com.ar\/?p=71188","title":{"rendered":"&#8220;No hay inversi\u00f3n sin reglas claras&#8221;: el IAEF re\u00fane a ministros, gobernadores y empresas en Iguaz\u00fa"},"content":{"rendered":"<ul>\n<li>El Instituto Argentino de Ejecutivos de Finanzas (IAEF) ultima los preparativos para su 47\u00aa Convenci\u00f3n Anual, que contar\u00e1 con la presencia del Presidente de la Naci\u00f3n, ministros, legisladores y l\u00edderes empresariales.<\/li>\n<\/ul>\n<p>\u200bEl Instituto Argentino de Ejecutivos de Finanzas (IAEF) ultima los preparativos para su 47\u00aa Convenci\u00f3n Anual, que contar\u00e1 con la presencia del Presidente de la Naci\u00f3n, ministros, legisladores y l\u00edderes empresariales.\u00a0<a href=\"https:\/\/www.clarin.com\/economia\/inversion-reglas-claras-iaef-reune-ministros-gobernadores-empresas-iguazu_0_rFyZ4xsBP5.html\" target=\"_blank\" class=\"feedzy-rss-link-icon\">Read More<\/a><\/p>","protected":false},"excerpt":{"rendered":"<p>El Instituto Argentino de Ejecutivos de Finanzas (IAEF) ultima los preparativos para su 47\u00aa Convenci\u00f3n&#8230;<\/p>\n","protected":false},"author":1,"featured_media":0,"comment_status":"open","ping_status":"open","sticky":false,"template":"","format":"standard","meta":{"footnotes":"","_members_access_role":[],"_members_access_error":""},"categories":[3],"tags":[],"class_list":["post-71188","post","type-post","status-publish","format-standard","has-post-thumbnail","hentry","category-nacionales"],"_links":{"self":[{"href":"https:\/\/masquenoticiastucuman.com.ar\/index.php?rest_route=\/wp\/v2\/posts\/71188","targetHints":{"allow":["GET"]}}],"collection":[{"href":"https:\/\/masquenoticiastucuman.com.ar\/index.php?rest_route=\/wp\/v2\/posts"}],"about":[{"href":"https:\/\/masquenoticiastucuman.com.ar\/index.php?rest_route=\/wp\/v2\/types\/post"}],"author":[{"embeddable":true,"href":"https:\/\/masquenoticiastucuman.com.ar\/index.php?rest_route=\/wp\/v2\/users\/1"}],"replies":[{"embeddable":true,"href":"https:\/\/masquenoticiastucuman.com.ar\/index.php?rest_route=%2Fwp%2Fv2%2Fcomments&post=71188"}],"version-history":[{"count":0,"href":"https:\/\/masquenoticiastucuman.com.ar\/index.php?rest_route=\/wp\/v2\/posts\/71188\/revisions"}],"wp:attachment":[{"href":"https:\/\/masquenoticiastucuman.com.ar\/index.php?rest_route=%2Fwp%2Fv2%2Fmedia&parent=71188"}],"wp:term":[{"taxonomy":"category","embeddable":true,"href":"https:\/\/masquenoticiastucuman.com.ar\/index.php?rest_route=%2Fwp%2Fv2%2Fcategories&post=71188"},{"taxonomy":"post_tag","embeddable":true,"href":"https:\/\/masquenoticiastucuman.com.ar\/index.php?rest_route=%2Fwp%2Fv2%2Ftags&post=71188"}],"curies":[{"name":"wp","href":"https:\/\/api.w.org\/{rel}","templated":true}]}}