{"id":71191,"date":"2026-09-01T06:01:17","date_gmt":"2026-09-01T09:01:17","guid":{"rendered":"http:\/\/masquenoticiastucuman.com.ar\/?p=71191"},"modified":"2026-09-01T06:01:17","modified_gmt":"2026-09-01T09:01:17","slug":"no-sabe-el-himno-camina-la-cancha-y-no-juega-como-en-barcelona-cuando-a-messi-lo-silbaron-en-la-argentina-la-herida-que-leo-nunca-pudo-olvidar","status":"publish","type":"post","link":"https:\/\/masquenoticiastucuman.com.ar\/?p=71191","title":{"rendered":"&#8220;No sabe el himno&#8221;, \u201ccamina la cancha\u201d y \u201cno juega como en Barcelona\u201d: cuando a Messi lo silbaron en la Argentina, la herida que Leo nunca pudo olvidar"},"content":{"rendered":"<ul>\n<li>En julio de 2011, la Selecci\u00f3n Argentina qued\u00f3 eliminada de la Copa Am\u00e9rica como local en Santa Fe y las cr\u00edticas con el 10 fueron impiadosas.<\/li>\n<li>Un tiempo despu\u00e9s, Leo record\u00f3 la pregunta de uno de sus hijos: &#8220;Pap\u00e1, \u00bfpor qu\u00e9 te matan en la Argentina?&#8221;.<\/li>\n<\/ul>\n<p>\u200bEn julio de 2011, la Selecci\u00f3n Argentina qued\u00f3 eliminada de la Copa Am\u00e9rica como local en Santa Fe y las cr\u00edticas con el 10 fueron impiadosas.Un tiempo despu\u00e9s, Leo record\u00f3 la pregunta de uno de sus hijos: &#8220;Pap\u00e1, \u00bfpor qu\u00e9 te matan en la Argentina?&#8221;.\u00a0<a href=\"https:\/\/www.clarin.com\/deportes\/sabe-himno-camina-cancha-juega-barcelona-messi-silbaron-argentina-herida-leo-pudo-olvidar_0_lJnPPE8D5r.html\" target=\"_blank\" class=\"feedzy-rss-link-icon\">Read More<\/a><\/p>","protected":false},"excerpt":{"rendered":"<p>En julio de 2011, la Selecci\u00f3n Argentina qued\u00f3 eliminada de la Copa Am\u00e9rica como local&#8230;<\/p>\n","protected":false},"author":1,"featured_media":0,"comment_status":"open","ping_status":"open","sticky":false,"template":"","format":"standard","meta":{"footnotes":"","_members_access_role":[],"_members_access_error":""},"categories":[6],"tags":[],"class_list":["post-71191","post","type-post","status-publish","format-standard","has-post-thumbnail","hentry","category-deportes"],"_links":{"self":[{"href":"https:\/\/masquenoticiastucuman.com.ar\/index.php?rest_route=\/wp\/v2\/posts\/71191","targetHints":{"allow":["GET"]}}],"collection":[{"href":"https:\/\/masquenoticiastucuman.com.ar\/index.php?rest_route=\/wp\/v2\/posts"}],"about":[{"href":"https:\/\/masquenoticiastucuman.com.ar\/index.php?rest_route=\/wp\/v2\/types\/post"}],"author":[{"embeddable":true,"href":"https:\/\/masquenoticiastucuman.com.ar\/index.php?rest_route=\/wp\/v2\/users\/1"}],"replies":[{"embeddable":true,"href":"https:\/\/masquenoticiastucuman.com.ar\/index.php?rest_route=%2Fwp%2Fv2%2Fcomments&post=71191"}],"version-history":[{"count":0,"href":"https:\/\/masquenoticiastucuman.com.ar\/index.php?rest_route=\/wp\/v2\/posts\/71191\/revisions"}],"wp:attachment":[{"href":"https:\/\/masquenoticiastucuman.com.ar\/index.php?rest_route=%2Fwp%2Fv2%2Fmedia&parent=71191"}],"wp:term":[{"taxonomy":"category","embeddable":true,"href":"https:\/\/masquenoticiastucuman.com.ar\/index.php?rest_route=%2Fwp%2Fv2%2Fcategories&post=71191"},{"taxonomy":"post_tag","embeddable":true,"href":"https:\/\/masquenoticiastucuman.com.ar\/index.php?rest_route=%2Fwp%2Fv2%2Ftags&post=71191"}],"curies":[{"name":"wp","href":"https:\/\/api.w.org\/{rel}","templated":true}]}}