{"id":71192,"date":"2026-09-01T07:44:51","date_gmt":"2026-09-01T10:44:51","guid":{"rendered":"https:\/\/masquenoticiastucuman.com.ar\/?p=71192"},"modified":"2026-09-01T07:44:52","modified_gmt":"2026-09-01T10:44:52","slug":"jaldo-inauguro-pavimento-y-alumbrado-publico-en-monteagudo","status":"publish","type":"post","link":"https:\/\/masquenoticiastucuman.com.ar\/?p=71192","title":{"rendered":"Jaldo inaugur\u00f3 pavimento y alumbrado p\u00fablico en Monteagudo"},"content":{"rendered":"\n<p class=\"wp-block-paragraph\">El Gobernador tambi\u00e9n visit\u00f3 los trabajos que se realizan en el ingreso al pueblo y la limpieza de canales en el marco de la labor previa a la \u00e9poca de lluvia.<\/p>\n\n\n\n<p class=\"wp-block-paragraph\">El gobernador,&nbsp;<strong>Osvaldo Jaldo<\/strong>, visit\u00f3 esta tarde la comuna de Monteagudo, en donde dej\u00f3 inaugurados cerca de 7000 metros de alumbrado p\u00fablico sobre ruta provincial 329, adem\u00e1s de 10 cuadras de pavimento.&nbsp;<\/p>\n\n\n\n<p class=\"wp-block-paragraph\">El primer mandatario tambi\u00e9n visit\u00f3 los trabajos que se realizan en el ingreso al pueblo y la limpieza de canales en el marco del programa pre lluvias.&nbsp;<\/p>\n\n\n\n<p class=\"wp-block-paragraph\">Jaldo estuvo acompa\u00f1ado por el vicegobernador&nbsp;<strong>Miguel Acevedo<\/strong>; el ministro del Interior,&nbsp;<strong>Dar\u00edo Monteros<\/strong>; la senadora&nbsp;<strong>Sandra Mendoza<\/strong>, los diputados&nbsp;<strong>Gladys Medina<\/strong>&nbsp;y&nbsp;<strong>Javier Noguera<\/strong>; el comisionado comunal de Monteagudo,&nbsp;<strong>Alberto Elias<\/strong>; los &nbsp;intendentes&nbsp;<strong>Elvio Salazar<\/strong>&nbsp;(Simoca),&nbsp;<strong>Jorge Leal&nbsp;<\/strong>(Burruyacu),&nbsp;<strong>Bruno Romano<\/strong>&nbsp;(Alberdi),&nbsp;<strong>Francisco Caliva<\/strong>&nbsp;(Taf\u00ed del Valle); los legisladores&nbsp;<strong>Marcelo Herrera<\/strong>,&nbsp;<strong>Alejandro Figueroa<\/strong>,&nbsp;<strong>Alejandra Cejas<\/strong>,&nbsp;<strong>Patricia Lizarraga<\/strong>,&nbsp;<strong>Carlos Funes<\/strong>,&nbsp;<strong>Nancy Bulacios<\/strong>,&nbsp;<strong>Alberto Olea<\/strong>,&nbsp;<strong>Walter Herrera<\/strong>,&nbsp;<strong>Carlos Cacho G\u00f3mez<\/strong>,&nbsp;<strong>Francisco Serra<\/strong>&nbsp;y&nbsp;<strong>Jorge Leal (h)<\/strong>; el secretario de Salud,&nbsp;<strong>Marcelo Montoya<\/strong>; de Transporte,&nbsp;<strong>Sergio Apestey<\/strong>; Grandes Comunas<strong>&nbsp;Marcelo Santillan<\/strong>&nbsp;y&nbsp;<strong>Daniel Herrera<\/strong>; comisionados comunales y concejales.<\/p>\n\n\n\n<p class=\"wp-block-paragraph\">Durante la visita, el gobernador destac\u00f3 el trabajo territorial que lleva adelante el Gobierno provincial y la ejecuci\u00f3n de obras en municipios y comunas del interior.<\/p>\n\n\n\n<p class=\"wp-block-paragraph\">\u201cNosotros, con el vicegobernador, el contador Miguel Acevedo, con los ministros, el ministro del Interior, fundamentalmente, cuando recorremos los municipios y las comunas del interior, y con todo este gran equipo que nos acompa\u00f1a hoy en el departamento de Simoca, en la comuna de Monteagudo, como lo hacemos siempre, porque nosotros, la verdad que recorremos la provincia, tenemos contacto directo con la gente\u201d, afirm\u00f3.<\/p>\n\n\n\n<p class=\"wp-block-paragraph\">En ese sentido, Jaldo se\u00f1al\u00f3: \u201cHoy ha sido un gusto y una satisfacci\u00f3n estar en este interior profundo, en este interior que est\u00e1 la comuna de Monteagudo en el departamento de Simoca, y hemos venido junto a Alberto, junto al subcomisionado Lastra, a dejar obras de infraestructura inauguradas\u201d.<\/p>\n\n\n\n<figure class=\"wp-block-image size-large\"><img loading=\"lazy\" decoding=\"async\" width=\"1024\" height=\"683\" src=\"https:\/\/masquenoticiastucuman.com.ar\/wp-content\/uploads\/2026\/09\/260831210617_35383-1024x683.jpeg\" alt=\"\" class=\"wp-image-71193\" srcset=\"https:\/\/masquenoticiastucuman.com.ar\/wp-content\/uploads\/2026\/09\/260831210617_35383-1024x683.jpeg 1024w, https:\/\/masquenoticiastucuman.com.ar\/wp-content\/uploads\/2026\/09\/260831210617_35383-300x200.jpeg 300w, https:\/\/masquenoticiastucuman.com.ar\/wp-content\/uploads\/2026\/09\/260831210617_35383-768x512.jpeg 768w, https:\/\/masquenoticiastucuman.com.ar\/wp-content\/uploads\/2026\/09\/260831210617_35383-1536x1024.jpeg 1536w, https:\/\/masquenoticiastucuman.com.ar\/wp-content\/uploads\/2026\/09\/260831210617_35383-2048x1365.jpeg 2048w, https:\/\/masquenoticiastucuman.com.ar\/wp-content\/uploads\/2026\/09\/260831210617_35383-1023x682.jpeg 1023w\" sizes=\"auto, (max-width: 1024px) 100vw, 1024px\" \/><\/figure>\n\n\n\n<p class=\"wp-block-paragraph\">El mandatario sostuvo que la gesti\u00f3n provincial prioriz\u00f3 la ejecuci\u00f3n de obras y el fortalecimiento de los servicios en las distintas localidades. \u201cPero como dice el general Per\u00f3n, la verdad es la realidad. Y hoy no hemos venido con promesas, como no vamos nunca con promesas. A cada pueblo vamos a dejar una obra, a dejar un equipamiento para mejorar los servicios o a realizar alg\u00fan trabajo social que la gente est\u00e1 necesitando\u201d, expres\u00f3.<\/p>\n\n\n\n<p class=\"wp-block-paragraph\">Respecto de las obras inauguradas, Jaldo se\u00f1al\u00f3: \u201cHoy estamos dejando inauguradas aproximadamente 10 cuadras de pavimento en este Monteagudo. Estamos dejando inaugurado y habilitado casi 7 kil\u00f3metros de alumbrado p\u00fablico. S\u00ed, como escucharon, 7 kil\u00f3metros de alumbrado p\u00fablico ac\u00e1 en Monteagudo, en Melcho y como as\u00ed tambi\u00e9n en Palomino\u201d.<\/p>\n\n\n\n<p class=\"wp-block-paragraph\">El gobernador destac\u00f3 adem\u00e1s el impacto de la iluminaci\u00f3n en materia de seguridad vial y urbana. \u201cEl alumbrado p\u00fablico s\u00ed es verdad que mejora urban\u00edsticamente la zona, pero el alumbrado p\u00fablico tiene una conexi\u00f3n directa con lo que es la seguridad, la seguridad de los que viven en las calles donde ponemos, o en la ruta donde ponemos el alumbrado p\u00fablico, y tambi\u00e9n de los que transitan por ella\u201d, sostuvo.<\/p>\n\n\n\n<p class=\"wp-block-paragraph\">Jaldo tambi\u00e9n se refiri\u00f3 a las tareas preventivas que se ejecutaron ante la posibilidad de lluvias. \u201cHoy tenemos tres equipos viales que ya vienen trabajando hace tiempo, mejorando y canalizando los desag\u00fces, las cunetas, acomodando y limpiando las zonas que tienen que ver con los r\u00edos\u201d, explic\u00f3.<\/p>\n\n\n\n<p class=\"wp-block-paragraph\">En esa l\u00ednea, agreg\u00f3: \u201cVenimos haciendo un trabajo con los equipos viales, teniendo tres m\u00e1quinas que van a quedar hasta que terminen, como lo tenemos casi en la mayor\u00eda de las comunas. Le estamos dando prioridad a todos los trabajos que tengan que ver con mermar, atenuar y, si es posible, evitar las inundaciones\u201d.<\/p>\n\n\n\n<p class=\"wp-block-paragraph\">Por su parte, el vicegobernador Miguel Acevedo destac\u00f3 las obras ejecutadas en la localidad y su impacto en la vida cotidiana de los vecinos.<\/p>\n\n\n\n<p class=\"wp-block-paragraph\">\u201cHoy en Monteagudo un d\u00eda muy alegre, acompa\u00f1ando al gobernador Osvaldo Jaldo y a este excelente comisionado como es Alberto, en esta localidad donde se han inaugurado 14 cuadras de pavimento, iluminaci\u00f3n a lo largo de varios kil\u00f3metros de la ruta y de la colectora, que eso significa seguridad, es prolongar el d\u00eda\u201d, afirm\u00f3.<\/p>\n\n\n\n<p class=\"wp-block-paragraph\">Acevedo sostuvo que las obras forman parte de una pol\u00edtica provincial destinada a alcanzar a las distintas localidades. \u201cEsto es lo que nosotros hablamos con el gobernador Osvaldo Jaldo, cuando decimos que el compromiso de nuestro gobierno y de nuestras gestiones es para todo Tucum\u00e1n, para que todos los tucumanos vivan donde vivan\u201d, se\u00f1al\u00f3.<\/p>\n\n\n\n<p class=\"wp-block-paragraph\">El vicegobernador tambi\u00e9n destac\u00f3 la ejecuci\u00f3n de obra p\u00fablica en el interior. \u201cObra p\u00fablica es este pavimento que va a permitir que en 14 cuadras, en Monteagudo, en Melcho, en el interior del interior de la provincia, haya mejor calidad de vida para quienes habitan Monteagudo. Esta iluminaci\u00f3n significa seguridad\u201d, expres\u00f3.<\/p>\n\n\n\n<p class=\"wp-block-paragraph\">En tanto, el ministro del Interior, Dar\u00edo Monteros, resalt\u00f3 la inversi\u00f3n provincial destinada a las obras y los trabajos preventivos.<\/p>\n\n\n\n<p class=\"wp-block-paragraph\">\u201cHoy lunes a la tarde, ac\u00e1 acompa\u00f1ando a nuestro gobernador y a nuestro vicegobernador, Osvaldo Jaldo y Miguel Acevedo, visitando esta importante comuna del departamento de Simoca, recibido por este gran comisionado Alberto El\u00eda, que est\u00e1 haciendo un gran trabajo y que esto hemos podido hoy dejar habilitado oficialmente m\u00e1s de 7.000 metros lineales de alumbrado p\u00fablico\u201d, indic\u00f3.<\/p>\n\n\n\n<p class=\"wp-block-paragraph\">Monteros explic\u00f3 que parte de la obra de alumbrado alcanz\u00f3 sectores del interior de la comuna. \u201cParte de ese alumbrado p\u00fablico tambi\u00e9n va al interior profundo de Monteagudo, como la zona de Melcho, la zona de Palomino\u201d, afirm\u00f3.<\/p>\n\n\n\n<p class=\"wp-block-paragraph\">El ministro puso el foco adem\u00e1s en el trabajo de los equipos viales. \u201cLo m\u00e1s importante en este momento son los equipos viales que tenemos trabajando en la jurisdicci\u00f3n. Este es un gran esfuerzo de la provincia, con recursos netamente de la provincia y lo estamos realizando en todo el interior de la provincia de Tucum\u00e1n\u201d, sostuvo.<\/p>\n\n\n\n<p class=\"wp-block-paragraph\">\u201cEspecialmente en aquellas comunas donde lamentablemente han sufrido consecuencias por estas lluvias que hemos tenido con mucha densidad en este verano pasado. As\u00ed que estamos realizando este trabajo, la instrucci\u00f3n de nuestro gobernador, m\u00e1quina que llega a un lugar, m\u00e1quina que se queda hasta que terminen los trabajos de pre lluvias que lo hemos denominado\u201d, agreg\u00f3.<\/p>\n\n\n\n<p class=\"wp-block-paragraph\">Por \u00faltimo, el comisionado comunal de Monteagudo, Alberto Elias, destac\u00f3 la ejecuci\u00f3n de las obras y el acompa\u00f1amiento del Gobierno provincial.<\/p>\n\n\n\n<p class=\"wp-block-paragraph\">\u201cLa verdad que muy contento ac\u00e1 dejando oficialmente inaugurada esta iluminaci\u00f3n y este pavimento. Y como vos dec\u00edas, la verdad que esto es lo que trae bienestar, desarrollo, seguridad a nuestros vecinos\u201d, afirm\u00f3.<\/p>\n\n\n\n<p class=\"wp-block-paragraph\">Elias tambi\u00e9n valor\u00f3 la presencia de las autoridades provinciales y el trabajo preventivo que se realiza en la jurisdicci\u00f3n. \u201cAgradecido tambi\u00e9n porque ya tenemos la m\u00e1quina adelant\u00e1ndonos un poco por ah\u00ed a las emergencias clim\u00e1ticas, ya la tenemos trabajando en nuestra jurisdicci\u00f3n y vamos a continuar trabajando, como dec\u00eda nuestro gobernador, hasta lograr el objetivo que necesitamos para estar un poco m\u00e1s seguros\u201d, concluy\u00f3.<\/p>\n","protected":false},"excerpt":{"rendered":"<p>El Gobernador tambi\u00e9n visit\u00f3 los trabajos que se realizan en el ingreso al pueblo y&#8230;<\/p>\n","protected":false},"author":2,"featured_media":71194,"comment_status":"open","ping_status":"open","sticky":false,"template":"","format":"standard","meta":{"footnotes":"","_members_access_role":[],"_members_access_error":""},"categories":[2],"tags":[],"class_list":["post-71192","post","type-post","status-publish","format-standard","has-post-thumbnail","hentry","category-locales"],"_links":{"self":[{"href":"https:\/\/masquenoticiastucuman.com.ar\/index.php?rest_route=\/wp\/v2\/posts\/71192","targetHints":{"allow":["GET"]}}],"collection":[{"href":"https:\/\/masquenoticiastucuman.com.ar\/index.php?rest_route=\/wp\/v2\/posts"}],"about":[{"href":"https:\/\/masquenoticiastucuman.com.ar\/index.php?rest_route=\/wp\/v2\/types\/post"}],"author":[{"embeddable":true,"href":"https:\/\/masquenoticiastucuman.com.ar\/index.php?rest_route=\/wp\/v2\/users\/2"}],"replies":[{"embeddable":true,"href":"https:\/\/masquenoticiastucuman.com.ar\/index.php?rest_route=%2Fwp%2Fv2%2Fcomments&post=71192"}],"version-history":[{"count":1,"href":"https:\/\/masquenoticiastucuman.com.ar\/index.php?rest_route=\/wp\/v2\/posts\/71192\/revisions"}],"predecessor-version":[{"id":71195,"href":"https:\/\/masquenoticiastucuman.com.ar\/index.php?rest_route=\/wp\/v2\/posts\/71192\/revisions\/71195"}],"wp:featuredmedia":[{"embeddable":true,"href":"https:\/\/masquenoticiastucuman.com.ar\/index.php?rest_route=\/wp\/v2\/media\/71194"}],"wp:attachment":[{"href":"https:\/\/masquenoticiastucuman.com.ar\/index.php?rest_route=%2Fwp%2Fv2%2Fmedia&parent=71192"}],"wp:term":[{"taxonomy":"category","embeddable":true,"href":"https:\/\/masquenoticiastucuman.com.ar\/index.php?rest_route=%2Fwp%2Fv2%2Fcategories&post=71192"},{"taxonomy":"post_tag","embeddable":true,"href":"https:\/\/masquenoticiastucuman.com.ar\/index.php?rest_route=%2Fwp%2Fv2%2Ftags&post=71192"}],"curies":[{"name":"wp","href":"https:\/\/api.w.org\/{rel}","templated":true}]}}