{"id":71202,"date":"2026-09-01T10:43:27","date_gmt":"2026-09-01T13:43:27","guid":{"rendered":"http:\/\/masquenoticiastucuman.com.ar\/?p=71202"},"modified":"2026-09-01T10:43:27","modified_gmt":"2026-09-01T13:43:27","slug":"guerra-en-medio-oriente-el-petroleo-vuelve-a-subir-fuerte-tras-los-nuevos-ataques-cruzados-de-ee-uu-e-iran","status":"publish","type":"post","link":"https:\/\/masquenoticiastucuman.com.ar\/?p=71202","title":{"rendered":"Guerra en Medio Oriente: el petr\u00f3leo vuelve a subir fuerte tras los nuevos ataques cruzados de EE.UU. e Ir\u00e1n"},"content":{"rendered":"<ul>\n<li>El alza del crudo Brent, cuyo precio sirve de referencia en Argentina, es en torno al 5% luego de la reanudaci\u00f3n del conflicto b\u00e9lico en el Golfo P\u00e9rsico.<\/li>\n<\/ul>\n<p>\u200bEl alza del crudo Brent, cuyo precio sirve de referencia en Argentina, es en torno al 5% luego de la reanudaci\u00f3n del conflicto b\u00e9lico en el Golfo P\u00e9rsico.\u00a0<a href=\"https:\/\/www.clarin.com\/mundo\/guerra-medio-oriente-petroleo-vuelve-subir-fuerte-nuevos-ataques-cruzados-eeuu-iran_0_rSSoTWaZpZ.html\" target=\"_blank\" class=\"feedzy-rss-link-icon\">Read More<\/a><\/p>","protected":false},"excerpt":{"rendered":"<p>El alza del crudo Brent, cuyo precio sirve de referencia en Argentina, es en torno&#8230;<\/p>\n","protected":false},"author":1,"featured_media":0,"comment_status":"open","ping_status":"open","sticky":false,"template":"","format":"standard","meta":{"footnotes":"","_members_access_role":[],"_members_access_error":""},"categories":[3],"tags":[],"class_list":["post-71202","post","type-post","status-publish","format-standard","has-post-thumbnail","hentry","category-nacionales"],"_links":{"self":[{"href":"https:\/\/masquenoticiastucuman.com.ar\/index.php?rest_route=\/wp\/v2\/posts\/71202","targetHints":{"allow":["GET"]}}],"collection":[{"href":"https:\/\/masquenoticiastucuman.com.ar\/index.php?rest_route=\/wp\/v2\/posts"}],"about":[{"href":"https:\/\/masquenoticiastucuman.com.ar\/index.php?rest_route=\/wp\/v2\/types\/post"}],"author":[{"embeddable":true,"href":"https:\/\/masquenoticiastucuman.com.ar\/index.php?rest_route=\/wp\/v2\/users\/1"}],"replies":[{"embeddable":true,"href":"https:\/\/masquenoticiastucuman.com.ar\/index.php?rest_route=%2Fwp%2Fv2%2Fcomments&post=71202"}],"version-history":[{"count":0,"href":"https:\/\/masquenoticiastucuman.com.ar\/index.php?rest_route=\/wp\/v2\/posts\/71202\/revisions"}],"wp:attachment":[{"href":"https:\/\/masquenoticiastucuman.com.ar\/index.php?rest_route=%2Fwp%2Fv2%2Fmedia&parent=71202"}],"wp:term":[{"taxonomy":"category","embeddable":true,"href":"https:\/\/masquenoticiastucuman.com.ar\/index.php?rest_route=%2Fwp%2Fv2%2Fcategories&post=71202"},{"taxonomy":"post_tag","embeddable":true,"href":"https:\/\/masquenoticiastucuman.com.ar\/index.php?rest_route=%2Fwp%2Fv2%2Ftags&post=71202"}],"curies":[{"name":"wp","href":"https:\/\/api.w.org\/{rel}","templated":true}]}}