{"id":71209,"date":"2026-09-01T09:24:55","date_gmt":"2026-09-01T12:24:55","guid":{"rendered":"http:\/\/masquenoticiastucuman.com.ar\/?p=71209"},"modified":"2026-09-01T09:24:55","modified_gmt":"2026-09-01T12:24:55","slug":"ultimo-capitulo-de-la-novela-de-julian-alvarez-se-cierra-el-mercado-de-pases-y-la-arana-se-refugia-en-los-argentinos-del-atletico","status":"publish","type":"post","link":"https:\/\/masquenoticiastucuman.com.ar\/?p=71209","title":{"rendered":"\u00daltimo cap\u00edtulo de la novela de Juli\u00e1n \u00c1lvarez: se cierra el mercado de pases y la Ara\u00f1a se refugia en los argentinos del Atl\u00e9tico"},"content":{"rendered":"<ul>\n<li>Reincorporado al Aleti, el delantero afront\u00f3 el \u00faltimo entrenamiento antes del cierre del libro de pases europeo y empieza a reenfocarse en el equipo de Simeone. <\/li>\n<li>Giuliano, Cuti Romero y Musso aparecen como su principal sost\u00e9n despu\u00e9s de semanas de tensi\u00f3n por su frustrada salida.<\/li>\n<\/ul>\n<p>\u200bReincorporado al Aleti, el delantero afront\u00f3 el \u00faltimo entrenamiento antes del cierre del libro de pases europeo y empieza a reenfocarse en el equipo de Simeone. Giuliano, Cuti Romero y Musso aparecen como su principal sost\u00e9n despu\u00e9s de semanas de tensi\u00f3n por su frustrada salida.\u00a0<a href=\"https:\/\/www.clarin.com\/deportes\/ultimo-capitulo-novela-julian-alvarez-cierra-mercado-pases-arana-refugia-argentinos-atletico_0_x2YKxDsQmg.html\" target=\"_blank\" class=\"feedzy-rss-link-icon\">Read More<\/a><\/p>","protected":false},"excerpt":{"rendered":"<p>Reincorporado al Aleti, el delantero afront\u00f3 el \u00faltimo entrenamiento antes del cierre del libro de&#8230;<\/p>\n","protected":false},"author":1,"featured_media":0,"comment_status":"open","ping_status":"open","sticky":false,"template":"","format":"standard","meta":{"footnotes":"","_members_access_role":[],"_members_access_error":""},"categories":[6],"tags":[],"class_list":["post-71209","post","type-post","status-publish","format-standard","has-post-thumbnail","hentry","category-deportes"],"_links":{"self":[{"href":"https:\/\/masquenoticiastucuman.com.ar\/index.php?rest_route=\/wp\/v2\/posts\/71209","targetHints":{"allow":["GET"]}}],"collection":[{"href":"https:\/\/masquenoticiastucuman.com.ar\/index.php?rest_route=\/wp\/v2\/posts"}],"about":[{"href":"https:\/\/masquenoticiastucuman.com.ar\/index.php?rest_route=\/wp\/v2\/types\/post"}],"author":[{"embeddable":true,"href":"https:\/\/masquenoticiastucuman.com.ar\/index.php?rest_route=\/wp\/v2\/users\/1"}],"replies":[{"embeddable":true,"href":"https:\/\/masquenoticiastucuman.com.ar\/index.php?rest_route=%2Fwp%2Fv2%2Fcomments&post=71209"}],"version-history":[{"count":0,"href":"https:\/\/masquenoticiastucuman.com.ar\/index.php?rest_route=\/wp\/v2\/posts\/71209\/revisions"}],"wp:attachment":[{"href":"https:\/\/masquenoticiastucuman.com.ar\/index.php?rest_route=%2Fwp%2Fv2%2Fmedia&parent=71209"}],"wp:term":[{"taxonomy":"category","embeddable":true,"href":"https:\/\/masquenoticiastucuman.com.ar\/index.php?rest_route=%2Fwp%2Fv2%2Fcategories&post=71209"},{"taxonomy":"post_tag","embeddable":true,"href":"https:\/\/masquenoticiastucuman.com.ar\/index.php?rest_route=%2Fwp%2Fv2%2Ftags&post=71209"}],"curies":[{"name":"wp","href":"https:\/\/api.w.org\/{rel}","templated":true}]}}