{"id":71210,"date":"2026-09-01T08:47:30","date_gmt":"2026-09-01T11:47:30","guid":{"rendered":"http:\/\/masquenoticiastucuman.com.ar\/?p=71210"},"modified":"2026-09-01T08:47:30","modified_gmt":"2026-09-01T11:47:30","slug":"donofrio-pide-coraje-y-desafia-al-presidente-de-afa-no-hay-que-tenerle-miedo-a-tapia-en-los-cuatro-anos-que-no-lo-votamos-ganamos-todo","status":"publish","type":"post","link":"https:\/\/masquenoticiastucuman.com.ar\/?p=71210","title":{"rendered":"D&#8217;Onofrio pide coraje y desaf\u00eda al presidente de AFA: &#8220;No hay que tenerle miedo a Tapia: en los cuatro a\u00f1os que no lo votamos ganamos todo&#8221;"},"content":{"rendered":"<ul>\n<li>El ex presidente de River reclam\u00f3 &#8220;coraje&#8221; de la dirigencia para decirle al presidente de la AFA. <\/li>\n<li>Adem\u00e1s, record\u00f3 que &#8220;Blatter renunci\u00f3&#8221; despu\u00e9s de que la delegaci\u00f3n argentina no lo apoy\u00f3 y revel\u00f3 que en 2017 el club de N\u00fa\u00f1ez vot\u00f3 en blanco cuando Chiqui se postul\u00f3 por primera vez.<\/li>\n<\/ul>\n<p>\u200bEl ex presidente de River reclam\u00f3 &#8220;coraje&#8221; de la dirigencia para decirle al presidente de la AFA. Adem\u00e1s, record\u00f3 que &#8220;Blatter renunci\u00f3&#8221; despu\u00e9s de que la delegaci\u00f3n argentina no lo apoy\u00f3 y revel\u00f3 que en 2017 el club de N\u00fa\u00f1ez vot\u00f3 en blanco cuando Chiqui se postul\u00f3 por primera vez.\u00a0<a href=\"https:\/\/www.clarin.com\/deportes\/donofrio-pide-coraje-desafia-presidente-afa-tenerle-miedo-tapia-anos-votamos-ganamos_0_2QA5TgtUYN.html\" target=\"_blank\" class=\"feedzy-rss-link-icon\">Read More<\/a><\/p>","protected":false},"excerpt":{"rendered":"<p>El ex presidente de River reclam\u00f3 &#8220;coraje&#8221; de la dirigencia para decirle al presidente de&#8230;<\/p>\n","protected":false},"author":1,"featured_media":0,"comment_status":"open","ping_status":"open","sticky":false,"template":"","format":"standard","meta":{"footnotes":"","_members_access_role":[],"_members_access_error":""},"categories":[6],"tags":[],"class_list":["post-71210","post","type-post","status-publish","format-standard","has-post-thumbnail","hentry","category-deportes"],"_links":{"self":[{"href":"https:\/\/masquenoticiastucuman.com.ar\/index.php?rest_route=\/wp\/v2\/posts\/71210","targetHints":{"allow":["GET"]}}],"collection":[{"href":"https:\/\/masquenoticiastucuman.com.ar\/index.php?rest_route=\/wp\/v2\/posts"}],"about":[{"href":"https:\/\/masquenoticiastucuman.com.ar\/index.php?rest_route=\/wp\/v2\/types\/post"}],"author":[{"embeddable":true,"href":"https:\/\/masquenoticiastucuman.com.ar\/index.php?rest_route=\/wp\/v2\/users\/1"}],"replies":[{"embeddable":true,"href":"https:\/\/masquenoticiastucuman.com.ar\/index.php?rest_route=%2Fwp%2Fv2%2Fcomments&post=71210"}],"version-history":[{"count":0,"href":"https:\/\/masquenoticiastucuman.com.ar\/index.php?rest_route=\/wp\/v2\/posts\/71210\/revisions"}],"wp:attachment":[{"href":"https:\/\/masquenoticiastucuman.com.ar\/index.php?rest_route=%2Fwp%2Fv2%2Fmedia&parent=71210"}],"wp:term":[{"taxonomy":"category","embeddable":true,"href":"https:\/\/masquenoticiastucuman.com.ar\/index.php?rest_route=%2Fwp%2Fv2%2Fcategories&post=71210"},{"taxonomy":"post_tag","embeddable":true,"href":"https:\/\/masquenoticiastucuman.com.ar\/index.php?rest_route=%2Fwp%2Fv2%2Ftags&post=71210"}],"curies":[{"name":"wp","href":"https:\/\/api.w.org\/{rel}","templated":true}]}}