{"id":71211,"date":"2026-09-01T12:57:58","date_gmt":"2026-09-01T15:57:58","guid":{"rendered":"https:\/\/masquenoticiastucuman.com.ar\/?p=71211"},"modified":"2026-09-01T12:57:58","modified_gmt":"2026-09-01T15:57:58","slug":"cuando-comienza-el-pago-de-sueldos-para-estatales-3","status":"publish","type":"post","link":"https:\/\/masquenoticiastucuman.com.ar\/?p=71211","title":{"rendered":"\u00bfCu\u00e1ndo comienza el pago de sueldos para estatales?"},"content":{"rendered":"\n<p class=\"wp-block-paragraph\">El pago del 80% contin\u00faa el viernes 4 de septiembre<\/p>\n\n\n\n<p class=\"wp-block-paragraph\">La Tesorer\u00eda General de la Provincia, que depende de la Secretar\u00eda de Hacienda del Ministerio de Econom\u00eda y Producci\u00f3n, informa el cronograma de pagos de la parte complementaria (80%) del sueldo de agosto para empleados estatales de la Provincia.<\/p>\n\n\n\n<p class=\"wp-block-paragraph\"><em><strong>Cronograma del 80%<\/strong><\/em><\/p>\n\n\n\n<p class=\"wp-block-paragraph\"><strong>Viernes 4 de septiembre<\/strong><\/p>\n\n\n\n<p class=\"wp-block-paragraph\">Sistema Provincial de Salud (Siprosa)<\/p>\n\n\n\n<p class=\"wp-block-paragraph\">Instituto Provincial de la Vivienda<\/p>\n\n\n\n<p class=\"wp-block-paragraph\">Ente \u00danico de Reg. de Servic. P\u00fab. Pcial. (Ersept)<\/p>\n\n\n\n<p class=\"wp-block-paragraph\">Estaci\u00f3n Experimental Agroindustrial Obispo Colombres<\/p>\n\n\n\n<p class=\"wp-block-paragraph\">Sociedad Aguas del Tucum\u00e1n<\/p>\n\n\n\n<p class=\"wp-block-paragraph\"><strong>S\u00e1bado 5 de septiembre<\/strong><\/p>\n\n\n\n<p class=\"wp-block-paragraph\">Seguridad (Dpto. Gral. de Polic\u00eda &#8211; Direc. Gral. de Institutos Penales)<\/p>\n\n\n\n<p class=\"wp-block-paragraph\">Educaci\u00f3n Establec. Provinciales (Esc. Provinciales &#8211; Rep. 18 &#8211; Esc. Sec. Transferidas. Rep. 25 &#8211; Esc. Sec. Transf. Rep. 26 &#8211; Esc. Sec. Transf. Rep. 27)<\/p>\n\n\n\n<p class=\"wp-block-paragraph\">Administraci\u00f3n Central<\/p>\n\n\n\n<p class=\"wp-block-paragraph\">Defensor\u00eda del Pueblo<\/p>\n\n\n\n<p class=\"wp-block-paragraph\">Instituto Provincial de Lucha contra el Alcoholismo<\/p>\n\n\n\n<p class=\"wp-block-paragraph\">Direcci\u00f3n Provincial de Vialidad (DPV)<\/p>\n\n\n\n<p class=\"wp-block-paragraph\"><strong>Martes 8 de septiembre<\/strong><\/p>\n\n\n\n<p class=\"wp-block-paragraph\">Comunas Rurales<\/p>\n\n\n\n<p class=\"wp-block-paragraph\">Educaci\u00f3n Establec. Provinciales (Esc. Provinciales &#8211; Rep. 18 &#8211; Esc. Sec. Transferidas. Rep. 25 &#8211; Esc. Sec. Transf. Rep. 26 &#8211; Esc. Sec. Transf. Rep. 27)<\/p>\n\n\n\n<p class=\"wp-block-paragraph\">Tribunal de Cuentas<\/p>\n\n\n\n<p class=\"wp-block-paragraph\">Tribunal Fiscal de Apelaci\u00f3n<\/p>\n\n\n\n<p class=\"wp-block-paragraph\">Jubilados fuera de convenio<\/p>\n\n\n\n<p class=\"wp-block-paragraph\">Renta vitalicia &#8211; H\u00e9roes de Malvinas<\/p>\n\n\n\n<p class=\"wp-block-paragraph\">Poder Legislativo<\/p>\n\n\n\n<p class=\"wp-block-paragraph\"><strong>Mi\u00e9rcoles 9 de septiembre<\/strong><\/p>\n\n\n\n<p class=\"wp-block-paragraph\">Poder Judicial (Ctro. Jud. Concepci\u00f3n &#8211; Ctro. Judicial Monteros &#8211; Corte Suprema de Just. &#8211; Just. Paz Legal)<\/p>\n\n\n\n<p class=\"wp-block-paragraph\">Ministerio P\u00fablico Fiscal<\/p>\n\n\n\n<p class=\"wp-block-paragraph\">Ministerio Pupilar y de la Defensa<\/p>\n\n\n\n<p class=\"wp-block-paragraph\">Municipios del Interior<\/p>\n\n\n\n<p class=\"wp-block-paragraph\">Direcci\u00f3n de Recursos H\u00eddricos<\/p>\n\n\n\n<p class=\"wp-block-paragraph\">Ente Aut\u00e1rquico Tucum\u00e1n Turismo<\/p>\n\n\n\n<p class=\"wp-block-paragraph\">Ente Cultural de Tucum\u00e1n<\/p>\n\n\n\n<p class=\"wp-block-paragraph\">Instituto Provincial de Acci\u00f3n Cooperativa y Mutual (Ipacym)<\/p>\n\n\n\n<p class=\"wp-block-paragraph\">Servicio Provincial de Agua Potable y Saneamiento (Sepapys)<\/p>\n\n\n\n<p class=\"wp-block-paragraph\">Instituto de Desarrollo Productivo<\/p>\n\n\n\n<p class=\"wp-block-paragraph\">Ente de Infraestructura Comunitaria<\/p>\n\n\n\n<p class=\"wp-block-paragraph\">Inst. de Promoci\u00f3n del Az\u00facar y Alcohol<\/p>\n\n\n\n<p class=\"wp-block-paragraph\">Ente Aut\u00e1rq. Teatro Mercedes Sosa<\/p>\n\n\n\n<p class=\"wp-block-paragraph\">Educaci\u00f3n Establecimientos P\u00fablicos de Gesti\u00f3n Privada (Privados Primarios, Secundarios, Terciarios Transferidos)<\/p>\n","protected":false},"excerpt":{"rendered":"<p>El pago del 80% contin\u00faa el viernes 4 de septiembre La Tesorer\u00eda General de la&#8230;<\/p>\n","protected":false},"author":2,"featured_media":71212,"comment_status":"open","ping_status":"open","sticky":false,"template":"","format":"standard","meta":{"footnotes":"","_members_access_role":[],"_members_access_error":""},"categories":[2],"tags":[],"class_list":["post-71211","post","type-post","status-publish","format-standard","has-post-thumbnail","hentry","category-locales"],"_links":{"self":[{"href":"https:\/\/masquenoticiastucuman.com.ar\/index.php?rest_route=\/wp\/v2\/posts\/71211","targetHints":{"allow":["GET"]}}],"collection":[{"href":"https:\/\/masquenoticiastucuman.com.ar\/index.php?rest_route=\/wp\/v2\/posts"}],"about":[{"href":"https:\/\/masquenoticiastucuman.com.ar\/index.php?rest_route=\/wp\/v2\/types\/post"}],"author":[{"embeddable":true,"href":"https:\/\/masquenoticiastucuman.com.ar\/index.php?rest_route=\/wp\/v2\/users\/2"}],"replies":[{"embeddable":true,"href":"https:\/\/masquenoticiastucuman.com.ar\/index.php?rest_route=%2Fwp%2Fv2%2Fcomments&post=71211"}],"version-history":[{"count":1,"href":"https:\/\/masquenoticiastucuman.com.ar\/index.php?rest_route=\/wp\/v2\/posts\/71211\/revisions"}],"predecessor-version":[{"id":71213,"href":"https:\/\/masquenoticiastucuman.com.ar\/index.php?rest_route=\/wp\/v2\/posts\/71211\/revisions\/71213"}],"wp:featuredmedia":[{"embeddable":true,"href":"https:\/\/masquenoticiastucuman.com.ar\/index.php?rest_route=\/wp\/v2\/media\/71212"}],"wp:attachment":[{"href":"https:\/\/masquenoticiastucuman.com.ar\/index.php?rest_route=%2Fwp%2Fv2%2Fmedia&parent=71211"}],"wp:term":[{"taxonomy":"category","embeddable":true,"href":"https:\/\/masquenoticiastucuman.com.ar\/index.php?rest_route=%2Fwp%2Fv2%2Fcategories&post=71211"},{"taxonomy":"post_tag","embeddable":true,"href":"https:\/\/masquenoticiastucuman.com.ar\/index.php?rest_route=%2Fwp%2Fv2%2Ftags&post=71211"}],"curies":[{"name":"wp","href":"https:\/\/api.w.org\/{rel}","templated":true}]}}