{"id":71214,"date":"2026-09-01T12:18:49","date_gmt":"2026-09-01T15:18:49","guid":{"rendered":"http:\/\/masquenoticiastucuman.com.ar\/?p=71214"},"modified":"2026-09-01T12:18:49","modified_gmt":"2026-09-01T15:18:49","slug":"antes-de-reunirse-con-caputo-scott-bessent-elogio-el-plan-economico-del-gobierno-todos-decian-que-era-imposible","status":"publish","type":"post","link":"https:\/\/masquenoticiastucuman.com.ar\/?p=71214","title":{"rendered":"Antes de reunirse con Caputo, Scott Bessent elogi\u00f3 el plan econ\u00f3mico del Gobierno: &#8220;Todos dec\u00edan que era imposible&#8221;"},"content":{"rendered":"<ul>\n<li>El encuentro est\u00e1 previsto para las 15 en el marco de la cumbre del G20 financiero.<\/li>\n<li>Bessent destac\u00f3 las reformas de Javier Milei.<\/li>\n<li>Y dijo que hay una oportunidad &#8220;hist\u00f3rica&#8221; en la regi\u00f3n y que la lidera Argentina.<\/li>\n<\/ul>\n<p>\u200bEl encuentro est\u00e1 previsto para las 15 en el marco de la cumbre del G20 financiero.Bessent destac\u00f3 las reformas de Javier Milei.Y dijo que hay una oportunidad &#8220;hist\u00f3rica&#8221; en la regi\u00f3n y que la lidera Argentina.\u00a0<a href=\"https:\/\/www.clarin.com\/economia\/reunirse-caputo-scott-bessent-elogio-plan-economico-gobierno-decian-imposible_0_ASh7zzHIKs.html\" target=\"_blank\" class=\"feedzy-rss-link-icon\">Read More<\/a><\/p>","protected":false},"excerpt":{"rendered":"<p>El encuentro est\u00e1 previsto para las 15 en el marco de la cumbre del G20&#8230;<\/p>\n","protected":false},"author":1,"featured_media":0,"comment_status":"open","ping_status":"open","sticky":false,"template":"","format":"standard","meta":{"footnotes":"","_members_access_role":[],"_members_access_error":""},"categories":[3],"tags":[],"class_list":["post-71214","post","type-post","status-publish","format-standard","has-post-thumbnail","hentry","category-nacionales"],"_links":{"self":[{"href":"https:\/\/masquenoticiastucuman.com.ar\/index.php?rest_route=\/wp\/v2\/posts\/71214","targetHints":{"allow":["GET"]}}],"collection":[{"href":"https:\/\/masquenoticiastucuman.com.ar\/index.php?rest_route=\/wp\/v2\/posts"}],"about":[{"href":"https:\/\/masquenoticiastucuman.com.ar\/index.php?rest_route=\/wp\/v2\/types\/post"}],"author":[{"embeddable":true,"href":"https:\/\/masquenoticiastucuman.com.ar\/index.php?rest_route=\/wp\/v2\/users\/1"}],"replies":[{"embeddable":true,"href":"https:\/\/masquenoticiastucuman.com.ar\/index.php?rest_route=%2Fwp%2Fv2%2Fcomments&post=71214"}],"version-history":[{"count":0,"href":"https:\/\/masquenoticiastucuman.com.ar\/index.php?rest_route=\/wp\/v2\/posts\/71214\/revisions"}],"wp:attachment":[{"href":"https:\/\/masquenoticiastucuman.com.ar\/index.php?rest_route=%2Fwp%2Fv2%2Fmedia&parent=71214"}],"wp:term":[{"taxonomy":"category","embeddable":true,"href":"https:\/\/masquenoticiastucuman.com.ar\/index.php?rest_route=%2Fwp%2Fv2%2Fcategories&post=71214"},{"taxonomy":"post_tag","embeddable":true,"href":"https:\/\/masquenoticiastucuman.com.ar\/index.php?rest_route=%2Fwp%2Fv2%2Ftags&post=71214"}],"curies":[{"name":"wp","href":"https:\/\/api.w.org\/{rel}","templated":true}]}}