{"id":71216,"date":"2026-09-01T11:42:21","date_gmt":"2026-09-01T14:42:21","guid":{"rendered":"http:\/\/masquenoticiastucuman.com.ar\/?p=71216"},"modified":"2026-09-01T11:42:21","modified_gmt":"2026-09-01T14:42:21","slug":"peleas-con-el-jefe-del-pentagono-y-solo-18-meses-en-el-cargo-renuncio-el-secretario-del-ejercito-de-ee-uu","status":"publish","type":"post","link":"https:\/\/masquenoticiastucuman.com.ar\/?p=71216","title":{"rendered":"Peleas con el jefe del Pent\u00e1gono y solo 18 meses en el cargo: renunci\u00f3 el secretario del Ej\u00e9rcito de EE.UU."},"content":{"rendered":"<ul>\n<li>Con la salida de Dan Driscoll, la fuerza se queda sin liderazgo civil ni militar permanente. Ya en abril, el secretario de Defensa Pete Hegseth destituy\u00f3 al jefe del Estado Mayor, el general Randy George.<\/li>\n<li>A\u00fan no ha propuesto un sucesor permanente.<\/li>\n<\/ul>\n<p>\u200bCon la salida de Dan Driscoll, la fuerza se queda sin liderazgo civil ni militar permanente. Ya en abril, el secretario de Defensa Pete Hegseth destituy\u00f3 al jefe del Estado Mayor, el general Randy George.A\u00fan no ha propuesto un sucesor permanente.\u00a0<a href=\"https:\/\/www.clarin.com\/mundo\/peleas-jefe-pentagono-solo-18-meses-cargo-renuncio-secretario-ejercito-eeuu_0_w93UBauDim.html\" target=\"_blank\" class=\"feedzy-rss-link-icon\">Read More<\/a><\/p>","protected":false},"excerpt":{"rendered":"<p>Con la salida de Dan Driscoll, la fuerza se queda sin liderazgo civil ni militar&#8230;<\/p>\n","protected":false},"author":1,"featured_media":71217,"comment_status":"open","ping_status":"open","sticky":false,"template":"","format":"standard","meta":{"footnotes":"","_members_access_role":[],"_members_access_error":""},"categories":[4],"tags":[],"class_list":["post-71216","post","type-post","status-publish","format-standard","has-post-thumbnail","hentry","category-internacionales"],"_links":{"self":[{"href":"https:\/\/masquenoticiastucuman.com.ar\/index.php?rest_route=\/wp\/v2\/posts\/71216","targetHints":{"allow":["GET"]}}],"collection":[{"href":"https:\/\/masquenoticiastucuman.com.ar\/index.php?rest_route=\/wp\/v2\/posts"}],"about":[{"href":"https:\/\/masquenoticiastucuman.com.ar\/index.php?rest_route=\/wp\/v2\/types\/post"}],"author":[{"embeddable":true,"href":"https:\/\/masquenoticiastucuman.com.ar\/index.php?rest_route=\/wp\/v2\/users\/1"}],"replies":[{"embeddable":true,"href":"https:\/\/masquenoticiastucuman.com.ar\/index.php?rest_route=%2Fwp%2Fv2%2Fcomments&post=71216"}],"version-history":[{"count":0,"href":"https:\/\/masquenoticiastucuman.com.ar\/index.php?rest_route=\/wp\/v2\/posts\/71216\/revisions"}],"wp:featuredmedia":[{"embeddable":true,"href":"https:\/\/masquenoticiastucuman.com.ar\/index.php?rest_route=\/wp\/v2\/media\/71217"}],"wp:attachment":[{"href":"https:\/\/masquenoticiastucuman.com.ar\/index.php?rest_route=%2Fwp%2Fv2%2Fmedia&parent=71216"}],"wp:term":[{"taxonomy":"category","embeddable":true,"href":"https:\/\/masquenoticiastucuman.com.ar\/index.php?rest_route=%2Fwp%2Fv2%2Fcategories&post=71216"},{"taxonomy":"post_tag","embeddable":true,"href":"https:\/\/masquenoticiastucuman.com.ar\/index.php?rest_route=%2Fwp%2Fv2%2Ftags&post=71216"}],"curies":[{"name":"wp","href":"https:\/\/api.w.org\/{rel}","templated":true}]}}