{"id":71218,"date":"2026-09-01T11:33:52","date_gmt":"2026-09-01T14:33:52","guid":{"rendered":"http:\/\/masquenoticiastucuman.com.ar\/?p=71218"},"modified":"2026-09-01T11:33:52","modified_gmt":"2026-09-01T14:33:52","slug":"tragedia-en-nepal-el-pais-pide-ayuda-urgente-a-la-onu-y-culpa-al-cambio-climatico-por-los-danos-de-us-5-000-millones","status":"publish","type":"post","link":"https:\/\/masquenoticiastucuman.com.ar\/?p=71218","title":{"rendered":"Tragedia en Nepal: el pa\u00eds pide ayuda urgente a la ONU y culpa al cambio clim\u00e1tico por los da\u00f1os de US$ 5.000 millones"},"content":{"rendered":"<ul>\n<li>Tras el mort\u00edfero colapso glaciar, el pa\u00eds asi\u00e1tico pidi\u00f3 asistencia financiera urgente al fondo de p\u00e9rdidas y da\u00f1os de la ONU. <\/li>\n<li>Sin embargo, la retirada de EE.UU. deja a la entidad sin recursos frente a la magnitud de la crisis.<\/li>\n<\/ul>\n<p>\u200bTras el mort\u00edfero colapso glaciar, el pa\u00eds asi\u00e1tico pidi\u00f3 asistencia financiera urgente al fondo de p\u00e9rdidas y da\u00f1os de la ONU. Sin embargo, la retirada de EE.UU. deja a la entidad sin recursos frente a la magnitud de la crisis.\u00a0<a href=\"https:\/\/www.clarin.com\/new-york-times-international-weekly\/tragedia-nepal-pais-pide-ayuda-urgente-onu-culpa-cambio-climatico-danos-us-5000-millones_0_G41qEuZPdp.html\" target=\"_blank\" class=\"feedzy-rss-link-icon\">Read More<\/a><\/p>","protected":false},"excerpt":{"rendered":"<p>Tras el mort\u00edfero colapso glaciar, el pa\u00eds asi\u00e1tico pidi\u00f3 asistencia financiera urgente al fondo de&#8230;<\/p>\n","protected":false},"author":1,"featured_media":71219,"comment_status":"open","ping_status":"open","sticky":false,"template":"","format":"standard","meta":{"footnotes":"","_members_access_role":[],"_members_access_error":""},"categories":[4],"tags":[],"class_list":["post-71218","post","type-post","status-publish","format-standard","has-post-thumbnail","hentry","category-internacionales"],"_links":{"self":[{"href":"https:\/\/masquenoticiastucuman.com.ar\/index.php?rest_route=\/wp\/v2\/posts\/71218","targetHints":{"allow":["GET"]}}],"collection":[{"href":"https:\/\/masquenoticiastucuman.com.ar\/index.php?rest_route=\/wp\/v2\/posts"}],"about":[{"href":"https:\/\/masquenoticiastucuman.com.ar\/index.php?rest_route=\/wp\/v2\/types\/post"}],"author":[{"embeddable":true,"href":"https:\/\/masquenoticiastucuman.com.ar\/index.php?rest_route=\/wp\/v2\/users\/1"}],"replies":[{"embeddable":true,"href":"https:\/\/masquenoticiastucuman.com.ar\/index.php?rest_route=%2Fwp%2Fv2%2Fcomments&post=71218"}],"version-history":[{"count":0,"href":"https:\/\/masquenoticiastucuman.com.ar\/index.php?rest_route=\/wp\/v2\/posts\/71218\/revisions"}],"wp:featuredmedia":[{"embeddable":true,"href":"https:\/\/masquenoticiastucuman.com.ar\/index.php?rest_route=\/wp\/v2\/media\/71219"}],"wp:attachment":[{"href":"https:\/\/masquenoticiastucuman.com.ar\/index.php?rest_route=%2Fwp%2Fv2%2Fmedia&parent=71218"}],"wp:term":[{"taxonomy":"category","embeddable":true,"href":"https:\/\/masquenoticiastucuman.com.ar\/index.php?rest_route=%2Fwp%2Fv2%2Fcategories&post=71218"},{"taxonomy":"post_tag","embeddable":true,"href":"https:\/\/masquenoticiastucuman.com.ar\/index.php?rest_route=%2Fwp%2Fv2%2Ftags&post=71218"}],"curies":[{"name":"wp","href":"https:\/\/api.w.org\/{rel}","templated":true}]}}