{"id":71220,"date":"2026-09-01T12:33:57","date_gmt":"2026-09-01T15:33:57","guid":{"rendered":"http:\/\/masquenoticiastucuman.com.ar\/?p=71220"},"modified":"2026-09-01T12:33:57","modified_gmt":"2026-09-01T15:33:57","slug":"roberto-moldavsky-y-el-hijo-de-suar-la-nueva-apuesta-de-el-trece-para-septiembre","status":"publish","type":"post","link":"https:\/\/masquenoticiastucuman.com.ar\/?p=71220","title":{"rendered":"Roberto Moldavsky y el hijo de Suar, la nueva apuesta de El Trece para septiembre"},"content":{"rendered":"<ul>\n<li>Tom\u00e1s &#8220;Toto&#8221; Kirzner y el humorista conducir\u00e1n un programa semanal, los fines de semana, descontracturado, en el que har\u00e1n hincapi\u00e9 en el cruce generacional.<\/li>\n<li>Combinar\u00e1 humor, actualidad y m\u00fasica en vivo.<\/li>\n<li><strong>Ya tiene nombre<\/strong>, pero no todav\u00eda fecha de estreno.<\/li>\n<\/ul>\n<p><\/p>\n<p>\u200bTom\u00e1s &#8220;Toto&#8221; Kirzner y el humorista conducir\u00e1n un programa semanal, los fines de semana, descontracturado, en el que har\u00e1n hincapi\u00e9 en el cruce generacional.Combinar\u00e1 humor, actualidad y m\u00fasica en vivo.Ya tiene nombre, pero no todav\u00eda fecha de estreno.\u00a0<a href=\"https:\/\/www.clarin.com\/espectaculos\/roberto-moldavsky-hijo-suar-nueva-apuesta-trece-septiembre_0_pyUCpmMpY3.html\" target=\"_blank\" class=\"feedzy-rss-link-icon\">Read More<\/a><\/p>","protected":false},"excerpt":{"rendered":"<p>Tom\u00e1s &#8220;Toto&#8221; Kirzner y el humorista conducir\u00e1n un programa semanal, los fines de semana, descontracturado,&#8230;<\/p>\n","protected":false},"author":1,"featured_media":0,"comment_status":"open","ping_status":"open","sticky":false,"template":"","format":"standard","meta":{"footnotes":"","_members_access_role":[],"_members_access_error":""},"categories":[5],"tags":[],"class_list":["post-71220","post","type-post","status-publish","format-standard","has-post-thumbnail","hentry","category-espectaculo"],"_links":{"self":[{"href":"https:\/\/masquenoticiastucuman.com.ar\/index.php?rest_route=\/wp\/v2\/posts\/71220","targetHints":{"allow":["GET"]}}],"collection":[{"href":"https:\/\/masquenoticiastucuman.com.ar\/index.php?rest_route=\/wp\/v2\/posts"}],"about":[{"href":"https:\/\/masquenoticiastucuman.com.ar\/index.php?rest_route=\/wp\/v2\/types\/post"}],"author":[{"embeddable":true,"href":"https:\/\/masquenoticiastucuman.com.ar\/index.php?rest_route=\/wp\/v2\/users\/1"}],"replies":[{"embeddable":true,"href":"https:\/\/masquenoticiastucuman.com.ar\/index.php?rest_route=%2Fwp%2Fv2%2Fcomments&post=71220"}],"version-history":[{"count":0,"href":"https:\/\/masquenoticiastucuman.com.ar\/index.php?rest_route=\/wp\/v2\/posts\/71220\/revisions"}],"wp:attachment":[{"href":"https:\/\/masquenoticiastucuman.com.ar\/index.php?rest_route=%2Fwp%2Fv2%2Fmedia&parent=71220"}],"wp:term":[{"taxonomy":"category","embeddable":true,"href":"https:\/\/masquenoticiastucuman.com.ar\/index.php?rest_route=%2Fwp%2Fv2%2Fcategories&post=71220"},{"taxonomy":"post_tag","embeddable":true,"href":"https:\/\/masquenoticiastucuman.com.ar\/index.php?rest_route=%2Fwp%2Fv2%2Ftags&post=71220"}],"curies":[{"name":"wp","href":"https:\/\/api.w.org\/{rel}","templated":true}]}}