{"id":71222,"date":"2026-09-01T12:04:08","date_gmt":"2026-09-01T15:04:08","guid":{"rendered":"http:\/\/masquenoticiastucuman.com.ar\/?p=71222"},"modified":"2026-09-01T12:04:08","modified_gmt":"2026-09-01T15:04:08","slug":"ya-sin-chances-por-julian-alvarez-el-barcelona-presento-al-delantero-brasileno-que-llega-para-reemplazar-a-lewandowski","status":"publish","type":"post","link":"https:\/\/masquenoticiastucuman.com.ar\/?p=71222","title":{"rendered":"Ya sin chances por Juli\u00e1n \u00c1lvarez, el Barcelona present\u00f3 al delantero brasile\u00f1o que llega para reemplazar a Lewandowski"},"content":{"rendered":"<ul>\n<li>Gabriel Jes\u00fas lleg\u00f3 al club catal\u00e1n y pos\u00f3 con la camiseta.<\/li>\n<li>&#8220;No me molesta que digan que soy otro plan&#8221;, dijo y se distanci\u00f3 del Ara\u00f1a.<\/li>\n<li>Llega procedente del Arsenal, donde estaba colgado, por tres a\u00f1os.<\/li>\n<\/ul>\n<p>\u200bGabriel Jes\u00fas lleg\u00f3 al club catal\u00e1n y pos\u00f3 con la camiseta.&#8221;No me molesta que digan que soy otro plan&#8221;, dijo y se distanci\u00f3 del Ara\u00f1a.Llega procedente del Arsenal, donde estaba colgado, por tres a\u00f1os.\u00a0<a href=\"https:\/\/www.clarin.com\/deportes\/chances-julian-alvarez-barcelona-presento-delantero-brasileno-llega-reemplazar-lewandowski_0_zxQjSHGufX.html\" target=\"_blank\" class=\"feedzy-rss-link-icon\">Read More<\/a><\/p>","protected":false},"excerpt":{"rendered":"<p>Gabriel Jes\u00fas lleg\u00f3 al club catal\u00e1n y pos\u00f3 con la camiseta. &#8220;No me molesta que&#8230;<\/p>\n","protected":false},"author":1,"featured_media":0,"comment_status":"open","ping_status":"open","sticky":false,"template":"","format":"standard","meta":{"footnotes":"","_members_access_role":[],"_members_access_error":""},"categories":[6],"tags":[],"class_list":["post-71222","post","type-post","status-publish","format-standard","has-post-thumbnail","hentry","category-deportes"],"_links":{"self":[{"href":"https:\/\/masquenoticiastucuman.com.ar\/index.php?rest_route=\/wp\/v2\/posts\/71222","targetHints":{"allow":["GET"]}}],"collection":[{"href":"https:\/\/masquenoticiastucuman.com.ar\/index.php?rest_route=\/wp\/v2\/posts"}],"about":[{"href":"https:\/\/masquenoticiastucuman.com.ar\/index.php?rest_route=\/wp\/v2\/types\/post"}],"author":[{"embeddable":true,"href":"https:\/\/masquenoticiastucuman.com.ar\/index.php?rest_route=\/wp\/v2\/users\/1"}],"replies":[{"embeddable":true,"href":"https:\/\/masquenoticiastucuman.com.ar\/index.php?rest_route=%2Fwp%2Fv2%2Fcomments&post=71222"}],"version-history":[{"count":0,"href":"https:\/\/masquenoticiastucuman.com.ar\/index.php?rest_route=\/wp\/v2\/posts\/71222\/revisions"}],"wp:attachment":[{"href":"https:\/\/masquenoticiastucuman.com.ar\/index.php?rest_route=%2Fwp%2Fv2%2Fmedia&parent=71222"}],"wp:term":[{"taxonomy":"category","embeddable":true,"href":"https:\/\/masquenoticiastucuman.com.ar\/index.php?rest_route=%2Fwp%2Fv2%2Fcategories&post=71222"},{"taxonomy":"post_tag","embeddable":true,"href":"https:\/\/masquenoticiastucuman.com.ar\/index.php?rest_route=%2Fwp%2Fv2%2Ftags&post=71222"}],"curies":[{"name":"wp","href":"https:\/\/api.w.org\/{rel}","templated":true}]}}