{"id":71223,"date":"2026-09-01T14:43:42","date_gmt":"2026-09-01T17:43:42","guid":{"rendered":"http:\/\/masquenoticiastucuman.com.ar\/?p=71223"},"modified":"2026-09-01T14:43:42","modified_gmt":"2026-09-01T17:43:42","slug":"dos-empresas-reactivaron-el-ferrocarril-en-tucuman-para-reducir-costos-logisticos-en-las-exportaciones-de-azucar","status":"publish","type":"post","link":"https:\/\/masquenoticiastucuman.com.ar\/?p=71223","title":{"rendered":"Dos empresas reactivaron el ferrocarril en Tucum\u00e1n para reducir costos log\u00edsticos en las exportaciones de az\u00facar"},"content":{"rendered":"<ul>\n<li>Los Balcanes y Ledesma S.A. pusieron nuevamente en funcionamiento, despu\u00e9s de m\u00e1s de 45 a\u00f1os el desv\u00edo ferroviario del Ingenio Cruz Alta.<\/li>\n<li>Permitir\u00e1 trasladar az\u00facar hacia los puertos de Campana y Rosario, con el objetivo de mejorar la competitividad de la producci\u00f3n tucumana.<\/li>\n<\/ul>\n<p>\u200bLos Balcanes y Ledesma S.A. pusieron nuevamente en funcionamiento, despu\u00e9s de m\u00e1s de 45 a\u00f1os el desv\u00edo ferroviario del Ingenio Cruz Alta.Permitir\u00e1 trasladar az\u00facar hacia los puertos de Campana y Rosario, con el objetivo de mejorar la competitividad de la producci\u00f3n tucumana.\u00a0<a href=\"https:\/\/www.clarin.com\/economia\/empresas-reactivaron-ferrocarril-tucuman-reducir-costos-logisticos-exportaciones-azucar_0_vijn8GiOoE.html\" target=\"_blank\" class=\"feedzy-rss-link-icon\">Read More<\/a><\/p>","protected":false},"excerpt":{"rendered":"<p>Los Balcanes y Ledesma S.A. pusieron nuevamente en funcionamiento, despu\u00e9s de m\u00e1s de 45 a\u00f1os&#8230;<\/p>\n","protected":false},"author":1,"featured_media":0,"comment_status":"open","ping_status":"open","sticky":false,"template":"","format":"standard","meta":{"footnotes":"","_members_access_role":[],"_members_access_error":""},"categories":[3],"tags":[],"class_list":["post-71223","post","type-post","status-publish","format-standard","has-post-thumbnail","hentry","category-nacionales"],"_links":{"self":[{"href":"https:\/\/masquenoticiastucuman.com.ar\/index.php?rest_route=\/wp\/v2\/posts\/71223","targetHints":{"allow":["GET"]}}],"collection":[{"href":"https:\/\/masquenoticiastucuman.com.ar\/index.php?rest_route=\/wp\/v2\/posts"}],"about":[{"href":"https:\/\/masquenoticiastucuman.com.ar\/index.php?rest_route=\/wp\/v2\/types\/post"}],"author":[{"embeddable":true,"href":"https:\/\/masquenoticiastucuman.com.ar\/index.php?rest_route=\/wp\/v2\/users\/1"}],"replies":[{"embeddable":true,"href":"https:\/\/masquenoticiastucuman.com.ar\/index.php?rest_route=%2Fwp%2Fv2%2Fcomments&post=71223"}],"version-history":[{"count":0,"href":"https:\/\/masquenoticiastucuman.com.ar\/index.php?rest_route=\/wp\/v2\/posts\/71223\/revisions"}],"wp:attachment":[{"href":"https:\/\/masquenoticiastucuman.com.ar\/index.php?rest_route=%2Fwp%2Fv2%2Fmedia&parent=71223"}],"wp:term":[{"taxonomy":"category","embeddable":true,"href":"https:\/\/masquenoticiastucuman.com.ar\/index.php?rest_route=%2Fwp%2Fv2%2Fcategories&post=71223"},{"taxonomy":"post_tag","embeddable":true,"href":"https:\/\/masquenoticiastucuman.com.ar\/index.php?rest_route=%2Fwp%2Fv2%2Ftags&post=71223"}],"curies":[{"name":"wp","href":"https:\/\/api.w.org\/{rel}","templated":true}]}}