{"id":71224,"date":"2026-09-01T13:54:04","date_gmt":"2026-09-01T16:54:04","guid":{"rendered":"http:\/\/masquenoticiastucuman.com.ar\/?p=71224"},"modified":"2026-09-01T13:54:04","modified_gmt":"2026-09-01T16:54:04","slug":"estados-unidos-vuelve-a-bombardear-iran-por-los-ataques-contra-buques-en-el-estrecho-de-ormuz","status":"publish","type":"post","link":"https:\/\/masquenoticiastucuman.com.ar\/?p=71224","title":{"rendered":"Estados Unidos vuelve a bombardear Ir\u00e1n por los ataques contra buques en el estrecho de Ormuz"},"content":{"rendered":"<ul>\n<li>Lo inform\u00f3 el Comando Central (Centcom).<\/li>\n<li>Los ataques se produjeron despu\u00e9s de &#8220;recientes intentos de agresi\u00f3n por parte de (la Guardia) contra embarcaciones comerciales.<\/li>\n<\/ul>\n<p>\u200bLo inform\u00f3 el Comando Central (Centcom).Los ataques se produjeron despu\u00e9s de &#8220;recientes intentos de agresi\u00f3n por parte de (la Guardia) contra embarcaciones comerciales.\u00a0<a href=\"https:\/\/www.clarin.com\/mundo\/estados-unidos-vuelve-bombardear-iran-ataques-buques-estrecho-ormuz_0_Ej69275Q74.html\" target=\"_blank\" class=\"feedzy-rss-link-icon\">Read More<\/a><\/p>","protected":false},"excerpt":{"rendered":"<p>Lo inform\u00f3 el Comando Central (Centcom). Los ataques se produjeron despu\u00e9s de &#8220;recientes intentos de&#8230;<\/p>\n","protected":false},"author":1,"featured_media":71225,"comment_status":"open","ping_status":"open","sticky":false,"template":"","format":"standard","meta":{"footnotes":"","_members_access_role":[],"_members_access_error":""},"categories":[4],"tags":[],"class_list":["post-71224","post","type-post","status-publish","format-standard","has-post-thumbnail","hentry","category-internacionales"],"_links":{"self":[{"href":"https:\/\/masquenoticiastucuman.com.ar\/index.php?rest_route=\/wp\/v2\/posts\/71224","targetHints":{"allow":["GET"]}}],"collection":[{"href":"https:\/\/masquenoticiastucuman.com.ar\/index.php?rest_route=\/wp\/v2\/posts"}],"about":[{"href":"https:\/\/masquenoticiastucuman.com.ar\/index.php?rest_route=\/wp\/v2\/types\/post"}],"author":[{"embeddable":true,"href":"https:\/\/masquenoticiastucuman.com.ar\/index.php?rest_route=\/wp\/v2\/users\/1"}],"replies":[{"embeddable":true,"href":"https:\/\/masquenoticiastucuman.com.ar\/index.php?rest_route=%2Fwp%2Fv2%2Fcomments&post=71224"}],"version-history":[{"count":0,"href":"https:\/\/masquenoticiastucuman.com.ar\/index.php?rest_route=\/wp\/v2\/posts\/71224\/revisions"}],"wp:featuredmedia":[{"embeddable":true,"href":"https:\/\/masquenoticiastucuman.com.ar\/index.php?rest_route=\/wp\/v2\/media\/71225"}],"wp:attachment":[{"href":"https:\/\/masquenoticiastucuman.com.ar\/index.php?rest_route=%2Fwp%2Fv2%2Fmedia&parent=71224"}],"wp:term":[{"taxonomy":"category","embeddable":true,"href":"https:\/\/masquenoticiastucuman.com.ar\/index.php?rest_route=%2Fwp%2Fv2%2Fcategories&post=71224"},{"taxonomy":"post_tag","embeddable":true,"href":"https:\/\/masquenoticiastucuman.com.ar\/index.php?rest_route=%2Fwp%2Fv2%2Ftags&post=71224"}],"curies":[{"name":"wp","href":"https:\/\/api.w.org\/{rel}","templated":true}]}}