{"id":71226,"date":"2026-09-01T13:08:43","date_gmt":"2026-09-01T16:08:43","guid":{"rendered":"http:\/\/masquenoticiastucuman.com.ar\/?p=71226"},"modified":"2026-09-01T13:08:43","modified_gmt":"2026-09-01T16:08:43","slug":"el-ascenso-de-marine-le-pen-y-el-dilema-frances-el-populismo-de-derecha-que-seduce-a-ricos-y-pobres","status":"publish","type":"post","link":"https:\/\/masquenoticiastucuman.com.ar\/?p=71226","title":{"rendered":"El ascenso de Marine Le Pen y el dilema franc\u00e9s: el populismo de derecha que seduce a ricos y pobres"},"content":{"rendered":"<ul>\n<li>Por cuarta vez, Marine Le Pen, de Agrupaci\u00f3n Nacional va por la presidencia. <\/li>\n<li>Pese a una condenada por corrupci\u00f3n, los sondeos la ubican en primer lugar, con un mensaje que atrae a los descontentos de la pol\u00edtica tradicional.<\/li>\n<\/ul>\n<p>\u200bPor cuarta vez, Marine Le Pen, de Agrupaci\u00f3n Nacional va por la presidencia. Pese a una condenada por corrupci\u00f3n, los sondeos la ubican en primer lugar, con un mensaje que atrae a los descontentos de la pol\u00edtica tradicional.\u00a0<a href=\"https:\/\/www.clarin.com\/mundo\/ascenso-marine-pen-dilema-frances-populismo-derecha-seduce-ricos-pobres_0_Nq6GkFoz36.html\" target=\"_blank\" class=\"feedzy-rss-link-icon\">Read More<\/a><\/p>","protected":false},"excerpt":{"rendered":"<p>Por cuarta vez, Marine Le Pen, de Agrupaci\u00f3n Nacional va por la presidencia. Pese a&#8230;<\/p>\n","protected":false},"author":1,"featured_media":71227,"comment_status":"open","ping_status":"open","sticky":false,"template":"","format":"standard","meta":{"footnotes":"","_members_access_role":[],"_members_access_error":""},"categories":[4],"tags":[],"class_list":["post-71226","post","type-post","status-publish","format-standard","has-post-thumbnail","hentry","category-internacionales"],"_links":{"self":[{"href":"https:\/\/masquenoticiastucuman.com.ar\/index.php?rest_route=\/wp\/v2\/posts\/71226","targetHints":{"allow":["GET"]}}],"collection":[{"href":"https:\/\/masquenoticiastucuman.com.ar\/index.php?rest_route=\/wp\/v2\/posts"}],"about":[{"href":"https:\/\/masquenoticiastucuman.com.ar\/index.php?rest_route=\/wp\/v2\/types\/post"}],"author":[{"embeddable":true,"href":"https:\/\/masquenoticiastucuman.com.ar\/index.php?rest_route=\/wp\/v2\/users\/1"}],"replies":[{"embeddable":true,"href":"https:\/\/masquenoticiastucuman.com.ar\/index.php?rest_route=%2Fwp%2Fv2%2Fcomments&post=71226"}],"version-history":[{"count":0,"href":"https:\/\/masquenoticiastucuman.com.ar\/index.php?rest_route=\/wp\/v2\/posts\/71226\/revisions"}],"wp:featuredmedia":[{"embeddable":true,"href":"https:\/\/masquenoticiastucuman.com.ar\/index.php?rest_route=\/wp\/v2\/media\/71227"}],"wp:attachment":[{"href":"https:\/\/masquenoticiastucuman.com.ar\/index.php?rest_route=%2Fwp%2Fv2%2Fmedia&parent=71226"}],"wp:term":[{"taxonomy":"category","embeddable":true,"href":"https:\/\/masquenoticiastucuman.com.ar\/index.php?rest_route=%2Fwp%2Fv2%2Fcategories&post=71226"},{"taxonomy":"post_tag","embeddable":true,"href":"https:\/\/masquenoticiastucuman.com.ar\/index.php?rest_route=%2Fwp%2Fv2%2Ftags&post=71226"}],"curies":[{"name":"wp","href":"https:\/\/api.w.org\/{rel}","templated":true}]}}