{"id":71228,"date":"2026-09-01T13:45:30","date_gmt":"2026-09-01T16:45:30","guid":{"rendered":"http:\/\/masquenoticiastucuman.com.ar\/?p=71228"},"modified":"2026-09-01T13:45:30","modified_gmt":"2026-09-01T16:45:30","slug":"netflix-prepara-un-documental-sobre-matthew-perry-cuando-se-estrena-y-que-contara-sobre-la-vida-y-la-muerte-del-actor-de-friends","status":"publish","type":"post","link":"https:\/\/masquenoticiastucuman.com.ar\/?p=71228","title":{"rendered":"Netflix prepara un documental sobre Matthew Perry: cu\u00e1ndo se estrena y qu\u00e9 contar\u00e1 sobre la vida y la muerte del actor de Friends"},"content":{"rendered":"<ul>\n<li>Ser\u00e1n tres episodios que recorrer\u00e1n su vida, su carrera y las adicciones que atraves\u00f3 durante a\u00f1os.<\/li>\n<li>Reunir\u00e1 testimonios in\u00e9ditos de familiares y amigos para reconstruir la vida de Matthew Perry, m\u00e1s all\u00e1 de su inolvidable personaje en la serie.<\/li>\n<\/ul>\n<p>\u200bSer\u00e1n tres episodios que recorrer\u00e1n su vida, su carrera y las adicciones que atraves\u00f3 durante a\u00f1os.Reunir\u00e1 testimonios in\u00e9ditos de familiares y amigos para reconstruir la vida de Matthew Perry, m\u00e1s all\u00e1 de su inolvidable personaje en la serie.\u00a0<a href=\"https:\/\/www.clarin.com\/espectaculos\/netflix-prepara-documental-matthew-perry-estrena-contara-vida-muerte-actor-friends_0_5lSJIGjLin.html\" target=\"_blank\" class=\"feedzy-rss-link-icon\">Read More<\/a><\/p>","protected":false},"excerpt":{"rendered":"<p>Ser\u00e1n tres episodios que recorrer\u00e1n su vida, su carrera y las adicciones que atraves\u00f3 durante&#8230;<\/p>\n","protected":false},"author":1,"featured_media":0,"comment_status":"open","ping_status":"open","sticky":false,"template":"","format":"standard","meta":{"footnotes":"","_members_access_role":[],"_members_access_error":""},"categories":[5],"tags":[],"class_list":["post-71228","post","type-post","status-publish","format-standard","has-post-thumbnail","hentry","category-espectaculo"],"_links":{"self":[{"href":"https:\/\/masquenoticiastucuman.com.ar\/index.php?rest_route=\/wp\/v2\/posts\/71228","targetHints":{"allow":["GET"]}}],"collection":[{"href":"https:\/\/masquenoticiastucuman.com.ar\/index.php?rest_route=\/wp\/v2\/posts"}],"about":[{"href":"https:\/\/masquenoticiastucuman.com.ar\/index.php?rest_route=\/wp\/v2\/types\/post"}],"author":[{"embeddable":true,"href":"https:\/\/masquenoticiastucuman.com.ar\/index.php?rest_route=\/wp\/v2\/users\/1"}],"replies":[{"embeddable":true,"href":"https:\/\/masquenoticiastucuman.com.ar\/index.php?rest_route=%2Fwp%2Fv2%2Fcomments&post=71228"}],"version-history":[{"count":0,"href":"https:\/\/masquenoticiastucuman.com.ar\/index.php?rest_route=\/wp\/v2\/posts\/71228\/revisions"}],"wp:attachment":[{"href":"https:\/\/masquenoticiastucuman.com.ar\/index.php?rest_route=%2Fwp%2Fv2%2Fmedia&parent=71228"}],"wp:term":[{"taxonomy":"category","embeddable":true,"href":"https:\/\/masquenoticiastucuman.com.ar\/index.php?rest_route=%2Fwp%2Fv2%2Fcategories&post=71228"},{"taxonomy":"post_tag","embeddable":true,"href":"https:\/\/masquenoticiastucuman.com.ar\/index.php?rest_route=%2Fwp%2Fv2%2Ftags&post=71228"}],"curies":[{"name":"wp","href":"https:\/\/api.w.org\/{rel}","templated":true}]}}