{"id":71231,"date":"2026-09-01T15:30:37","date_gmt":"2026-09-01T18:30:37","guid":{"rendered":"http:\/\/masquenoticiastucuman.com.ar\/?p=71231"},"modified":"2026-09-01T15:30:37","modified_gmt":"2026-09-01T18:30:37","slug":"privatizacion-del-belgrano-cargas-dos-organismos-internacionales-ofrecieron-financiar-a-la-empresa-que-gane-la-licitacion","status":"publish","type":"post","link":"https:\/\/masquenoticiastucuman.com.ar\/?p=71231","title":{"rendered":"Privatizaci\u00f3n del Belgrano Cargas: dos organismos internacionales ofrecieron financiar a la empresa que gane la licitaci\u00f3n"},"content":{"rendered":"<ul>\n<li>El BID y el Banco Mundial comunicaron al Gobierno su inter\u00e9s en otorgar recursos a los futuros operadores ferroviarios.<\/li>\n<li>La Casa Rosada espera una inversi\u00f3n m\u00ednima de US$ 500 millones.<\/li>\n<\/ul>\n<p>\u200bEl BID y el Banco Mundial comunicaron al Gobierno su inter\u00e9s en otorgar recursos a los futuros operadores ferroviarios.La Casa Rosada espera una inversi\u00f3n m\u00ednima de US$ 500 millones.\u00a0<a href=\"https:\/\/www.clarin.com\/economia\/privatizacion-belgrano-cargas-organismos-internacionales-anticiparon-financiaran-empresa-gane-licitacion_0_jU0mej4wXy.html\" target=\"_blank\" class=\"feedzy-rss-link-icon\">Read More<\/a><\/p>","protected":false},"excerpt":{"rendered":"<p>El BID y el Banco Mundial comunicaron al Gobierno su inter\u00e9s en otorgar recursos a&#8230;<\/p>\n","protected":false},"author":1,"featured_media":0,"comment_status":"open","ping_status":"open","sticky":false,"template":"","format":"standard","meta":{"footnotes":"","_members_access_role":[],"_members_access_error":""},"categories":[3],"tags":[],"class_list":["post-71231","post","type-post","status-publish","format-standard","has-post-thumbnail","hentry","category-nacionales"],"_links":{"self":[{"href":"https:\/\/masquenoticiastucuman.com.ar\/index.php?rest_route=\/wp\/v2\/posts\/71231","targetHints":{"allow":["GET"]}}],"collection":[{"href":"https:\/\/masquenoticiastucuman.com.ar\/index.php?rest_route=\/wp\/v2\/posts"}],"about":[{"href":"https:\/\/masquenoticiastucuman.com.ar\/index.php?rest_route=\/wp\/v2\/types\/post"}],"author":[{"embeddable":true,"href":"https:\/\/masquenoticiastucuman.com.ar\/index.php?rest_route=\/wp\/v2\/users\/1"}],"replies":[{"embeddable":true,"href":"https:\/\/masquenoticiastucuman.com.ar\/index.php?rest_route=%2Fwp%2Fv2%2Fcomments&post=71231"}],"version-history":[{"count":0,"href":"https:\/\/masquenoticiastucuman.com.ar\/index.php?rest_route=\/wp\/v2\/posts\/71231\/revisions"}],"wp:attachment":[{"href":"https:\/\/masquenoticiastucuman.com.ar\/index.php?rest_route=%2Fwp%2Fv2%2Fmedia&parent=71231"}],"wp:term":[{"taxonomy":"category","embeddable":true,"href":"https:\/\/masquenoticiastucuman.com.ar\/index.php?rest_route=%2Fwp%2Fv2%2Fcategories&post=71231"},{"taxonomy":"post_tag","embeddable":true,"href":"https:\/\/masquenoticiastucuman.com.ar\/index.php?rest_route=%2Fwp%2Fv2%2Ftags&post=71231"}],"curies":[{"name":"wp","href":"https:\/\/api.w.org\/{rel}","templated":true}]}}